{"id":55874,"date":"2011-07-14T11:01:19","date_gmt":"2011-07-14T09:01:19","guid":{"rendered":"https:\/\/www.claret.org\/treffen-der-leitungen-der-organismen-von-ascla-west\/"},"modified":"2011-07-14T11:01:19","modified_gmt":"2011-07-14T09:01:19","slug":"treffen-der-leitungen-der-organismen-von-ascla-west","status":"publish","type":"post","link":"https:\/\/www.claret.org\/de\/treffen-der-leitungen-der-organismen-von-ascla-west\/","title":{"rendered":"Treffen der Leitungen der Organismen von ASCLA-West"},"content":{"rendered":"<p><strong>Bethel, Shillong, INDIEN.<\/strong> Vom 27. bis 30. Juni fand hier das Treffen der Leitungen der h\u00f6heren Organismen von ASCLA-West. Alle h\u00f6heren Oberen, R\u00e4te und Sekret\u00e4re von Indien und Sri Lanka nahmen an der Zusammenkunft teil. Am Ende besuchten die Teilnehmer die Missionen in Nordost-Indien.<\/p>\n","protected":false},"excerpt":{"rendered":"<p>Bethel, Shillong, INDIEN. Vom 27. bis 30. Juni fand hier das Treffen der Leitungen der h\u00f6heren Organismen von ASCLA-West. Alle h\u00f6heren Oberen, R\u00e4te und Sekret\u00e4re von Indien und Sri Lanka nahmen an der Zusammenkunft teil. Am Ende besuchten die Teilnehmer die Missionen in Nordost-Indien.<\/p>\n","protected":false},"author":1,"featured_media":55868,"comment_status":"closed","ping_status":"closed","sticky":false,"template":"","format":"standard","meta":{"_et_pb_use_builder":"","_et_pb_old_content":"","_et_gb_content_width":"","footnotes":""},"categories":[219],"tags":[],"class_list":["post-55874","post","type-post","status-publish","format-standard","has-post-thumbnail","hentry","category-asien-west"],"jetpack_featured_media_url":"https:\/\/i0.wp.com\/www.claret.org\/wp-content\/uploads\/2019\/07\/ASCLA_West_Photo.jpg?fit=450%2C338&ssl=1","jetpack_sharing_enabled":true,"jetpack_shortlink":"https:\/\/wp.me\/pdaBmi-exc","jetpack_likes_enabled":true,"_links":{"self":[{"href":"https:\/\/www.claret.org\/de\/wp-json\/wp\/v2\/posts\/55874","targetHints":{"allow":["GET"]}}],"collection":[{"href":"https:\/\/www.claret.org\/de\/wp-json\/wp\/v2\/posts"}],"about":[{"href":"https:\/\/www.claret.org\/de\/wp-json\/wp\/v2\/types\/post"}],"author":[{"embeddable":true,"href":"https:\/\/www.claret.org\/de\/wp-json\/wp\/v2\/users\/1"}],"replies":[{"embeddable":true,"href":"https:\/\/www.claret.org\/de\/wp-json\/wp\/v2\/comments?post=55874"}],"version-history":[{"count":0,"href":"https:\/\/www.claret.org\/de\/wp-json\/wp\/v2\/posts\/55874\/revisions"}],"wp:featuredmedia":[{"embeddable":true,"href":"https:\/\/www.claret.org\/de\/wp-json\/wp\/v2\/media\/55868"}],"wp:attachment":[{"href":"https:\/\/www.claret.org\/de\/wp-json\/wp\/v2\/media?parent=55874"}],"wp:term":[{"taxonomy":"category","embeddable":true,"href":"https:\/\/www.claret.org\/de\/wp-json\/wp\/v2\/categories?post=55874"},{"taxonomy":"post_tag","embeddable":true,"href":"https:\/\/www.claret.org\/de\/wp-json\/wp\/v2\/tags?post=55874"}],"curies":[{"name":"wp","href":"https:\/\/api.w.org\/{rel}","templated":true}]}}