{"id":56352,"date":"2011-05-20T16:39:36","date_gmt":"2011-05-20T14:39:36","guid":{"rendered":"https:\/\/www.claret.org\/unterwegs-zu-einer-neuen-delegation\/"},"modified":"2011-05-20T16:39:36","modified_gmt":"2011-05-20T14:39:36","slug":"unterwegs-zu-einer-neuen-delegation","status":"publish","type":"post","link":"https:\/\/www.claret.org\/de\/unterwegs-zu-einer-neuen-delegation\/","title":{"rendered":"Unterwegs zu einer neuen Delegation"},"content":{"rendered":"<p><b>Yaound\u00e9, Kamerun. <\/b>Am 13. Mai fand in Nkolbisson eine Versammlung der Claretiner statt, die in Kamerun leben und wirken. Den Vorsitz bei der Versammlung f\u00fchrte der Generalobere der Kongregation P. Josep M. Abella, und auch der General\u00f6konom P. Domingo Grill\u00eda nahm teil. Er ergriff das Wort zu wirtschaftlichen Themen.<\/p>\n<p>P. General dankte den Claretinern f\u00fcr ihr Dasein und ihr Engagement im Dienst dieser Ortskirche. Er ging auch auf die Gr\u00fcnde ein, die dazu gef\u00fchrt haben, dass man den Prozess der Integration und Reorganisation der Kongregation vorangetrieben hat. Nachdem eine Arbeit zur Entscheidungsfindung eingebracht war, ersuchte er die Mitglieder der Versammlung um ihre Zustimmung zur Weiterf\u00fchrung der Konsolidierung des Projekts der Claretiner in Kamerun, die er auch erhielt.<\/p>\n<p>Aus dem Gedankenaustausch (in Bezug auf das Missionsprojekt, die Spiritualit\u00e4t, das Personal, die Ausbildung und die Wirtschaft) heraus wurde die Abfassung eines aktuellen Gebets, die Notwendigkeit einer weiteren Versammlung und der Schaffung einer Kommission zur Koordinierung und Grundlegung der neuen Delegation vorgeschlagen.<\/p>\n<p>Die Tagung endete mit der Eucharistiefeier, die von den Studenten gestaltet wurde und bei der Pater General Hauptzelebrant war. Darauf folgte ein br\u00fcderliches Mahl.<\/p>\n","protected":false},"excerpt":{"rendered":"<p>Yaound\u00e9, Kamerun. Am 13. Mai fand in Nkolbisson eine Versammlung der Claretiner statt, die in Kamerun leben und wirken. Den Vorsitz bei der Versammlung f\u00fchrte der Generalobere der Kongregation P. Josep M. Abella, und auch der General\u00f6konom P. Domingo Grill\u00eda nahm teil. Er ergriff das Wort zu wirtschaftlichen Themen. P. General dankte den Claretinern f\u00fcr [&hellip;]<\/p>\n","protected":false},"author":1,"featured_media":56346,"comment_status":"closed","ping_status":"closed","sticky":false,"template":"","format":"standard","meta":{"_et_pb_use_builder":"","_et_pb_old_content":"","_et_gb_content_width":"","footnotes":""},"categories":[1616,133],"tags":[],"class_list":["post-56352","post","type-post","status-publish","format-standard","has-post-thumbnail","hentry","category-josep-abella-batlle-de","category-cameroun-de"],"jetpack_featured_media_url":"https:\/\/i0.wp.com\/www.claret.org\/wp-content\/uploads\/2019\/07\/Camern.jpg?fit=450%2C275&ssl=1","jetpack_sharing_enabled":true,"jetpack_shortlink":"https:\/\/wp.me\/pdaBmi-eEU","jetpack_likes_enabled":true,"_links":{"self":[{"href":"https:\/\/www.claret.org\/de\/wp-json\/wp\/v2\/posts\/56352","targetHints":{"allow":["GET"]}}],"collection":[{"href":"https:\/\/www.claret.org\/de\/wp-json\/wp\/v2\/posts"}],"about":[{"href":"https:\/\/www.claret.org\/de\/wp-json\/wp\/v2\/types\/post"}],"author":[{"embeddable":true,"href":"https:\/\/www.claret.org\/de\/wp-json\/wp\/v2\/users\/1"}],"replies":[{"embeddable":true,"href":"https:\/\/www.claret.org\/de\/wp-json\/wp\/v2\/comments?post=56352"}],"version-history":[{"count":0,"href":"https:\/\/www.claret.org\/de\/wp-json\/wp\/v2\/posts\/56352\/revisions"}],"wp:featuredmedia":[{"embeddable":true,"href":"https:\/\/www.claret.org\/de\/wp-json\/wp\/v2\/media\/56346"}],"wp:attachment":[{"href":"https:\/\/www.claret.org\/de\/wp-json\/wp\/v2\/media?parent=56352"}],"wp:term":[{"taxonomy":"category","embeddable":true,"href":"https:\/\/www.claret.org\/de\/wp-json\/wp\/v2\/categories?post=56352"},{"taxonomy":"post_tag","embeddable":true,"href":"https:\/\/www.claret.org\/de\/wp-json\/wp\/v2\/tags?post=56352"}],"curies":[{"name":"wp","href":"https:\/\/api.w.org\/{rel}","templated":true}]}}