{"id":56471,"date":"2011-05-11T17:58:12","date_gmt":"2011-05-11T15:58:12","guid":{"rendered":"https:\/\/www.claret.org\/neue-informations-und-kommunikationstechnologie\/"},"modified":"2011-05-11T17:58:12","modified_gmt":"2011-05-11T15:58:12","slug":"neue-informations-und-kommunikationstechnologie","status":"publish","type":"post","link":"https:\/\/www.claret.org\/de\/neue-informations-und-kommunikationstechnologie\/","title":{"rendered":"Neue Informations- und Kommunikationstechnologie"},"content":{"rendered":"<p><strong>Batatais, Brasilien.<\/strong> Vom 28. bis 30. April fand in Batatais (Brasilien) ein Treffen der Teams f\u00fcr Informations- und Kommunikationstechnik mit der Pr\u00e4fektur f\u00fcr das Apostolat der Kongregation statt.<\/p>\n<p>Ziel war es, die Herausforderungen und den Beitrag zu \u00fcberpr\u00fcfen, den die neuen Technologien f\u00fcr die Verk\u00fcndigung des Evangeliums leisten.<\/p>\n<p>Es wurden die unterschiedlichen Verh\u00e4ltnisse in der Informations- und Kommunikationstechnik in Chile, Spanien und den Vereinigten Staaten vorgestellt, und schlie\u00dflich befasste man sich mit dem Dokument, das bei den fr\u00fcheren Treffen der Generalpr\u00e4fektur f\u00fcr das Apostolat vorgeschlagen wurde.<\/p>\n","protected":false},"excerpt":{"rendered":"<p>Batatais, Brasilien. Vom 28. bis 30. April fand in Batatais (Brasilien) ein Treffen der Teams f\u00fcr Informations- und Kommunikationstechnik mit der Pr\u00e4fektur f\u00fcr das Apostolat der Kongregation statt. Ziel war es, die Herausforderungen und den Beitrag zu \u00fcberpr\u00fcfen, den die neuen Technologien f\u00fcr die Verk\u00fcndigung des Evangeliums leisten. Es wurden die unterschiedlichen Verh\u00e4ltnisse in der [&hellip;]<\/p>\n","protected":false},"author":1,"featured_media":56466,"comment_status":"closed","ping_status":"closed","sticky":false,"template":"","format":"standard","meta":{"_et_pb_use_builder":"","_et_pb_old_content":"","_et_gb_content_width":"","footnotes":""},"categories":[435],"tags":[],"class_list":["post-56471","post","type-post","status-publish","format-standard","has-post-thumbnail","hentry","category-informationstechnologie-und-kommunikation"],"jetpack_featured_media_url":"https:\/\/i0.wp.com\/www.claret.org\/wp-content\/uploads\/2019\/07\/Batatais1.jpg?fit=450%2C298&ssl=1","jetpack_sharing_enabled":true,"jetpack_shortlink":"https:\/\/wp.me\/pdaBmi-eGP","jetpack_likes_enabled":true,"_links":{"self":[{"href":"https:\/\/www.claret.org\/de\/wp-json\/wp\/v2\/posts\/56471","targetHints":{"allow":["GET"]}}],"collection":[{"href":"https:\/\/www.claret.org\/de\/wp-json\/wp\/v2\/posts"}],"about":[{"href":"https:\/\/www.claret.org\/de\/wp-json\/wp\/v2\/types\/post"}],"author":[{"embeddable":true,"href":"https:\/\/www.claret.org\/de\/wp-json\/wp\/v2\/users\/1"}],"replies":[{"embeddable":true,"href":"https:\/\/www.claret.org\/de\/wp-json\/wp\/v2\/comments?post=56471"}],"version-history":[{"count":0,"href":"https:\/\/www.claret.org\/de\/wp-json\/wp\/v2\/posts\/56471\/revisions"}],"wp:featuredmedia":[{"embeddable":true,"href":"https:\/\/www.claret.org\/de\/wp-json\/wp\/v2\/media\/56466"}],"wp:attachment":[{"href":"https:\/\/www.claret.org\/de\/wp-json\/wp\/v2\/media?parent=56471"}],"wp:term":[{"taxonomy":"category","embeddable":true,"href":"https:\/\/www.claret.org\/de\/wp-json\/wp\/v2\/categories?post=56471"},{"taxonomy":"post_tag","embeddable":true,"href":"https:\/\/www.claret.org\/de\/wp-json\/wp\/v2\/tags?post=56471"}],"curies":[{"name":"wp","href":"https:\/\/api.w.org\/{rel}","templated":true}]}}