{"id":56557,"date":"2011-04-28T18:48:53","date_gmt":"2011-04-28T16:48:53","guid":{"rendered":"https:\/\/www.claret.org\/40-nationale-woche-des-ordenslebens-in-spanien\/"},"modified":"2011-04-28T18:48:53","modified_gmt":"2011-04-28T16:48:53","slug":"40-nationale-woche-des-ordenslebens-in-spanien","status":"publish","type":"post","link":"https:\/\/www.claret.org\/de\/40-nationale-woche-des-ordenslebens-in-spanien\/","title":{"rendered":"40. Nationale Woche des Ordenslebens in Spanien"},"content":{"rendered":"<p><strong>Madrid, Spanien.<\/strong>  Am 26. April hat im Kolleg der Kalasantiner in Madrid die 40.  Nationale Woche f\u00fcr die Ordensgemeinschaften begonnen. Es handelt sich um eine Initiative des Theologischen Instituts f\u00fcr das Ordensleben, das von den Claretiner-Missionaren der St. Jakobs-Provinz geleitet wird.<\/p>\n<p>Das Leitwort dieser Woche ist: \u201eFrauen und M\u00e4nner Gottes. Mystik und Zeugnis\u201c.<\/p>\n<p>Als Referenten dieser Woche sind unter anderem vorgesehen: Erzbischof Kardinal Oscar Rodr\u00edguez Maradiaga von Tegucigalpa in Honduras sowie die Theologen Olegario Gonz\u00e1lez de Cardedal, Nuria Calduch-Benages, Juan de Dios Mart\u00edn Velasco, Paola Zavata, Marta Zechmeister und Gonzalo Fern\u00e1ndez CMF.<\/p>\n<p>Diese Tagung wird am 30. April mit einer Eucharistiefeier abgeschlossen, bei der Erzbischof Santiago Agrelo OFM von Tanger Hauptzelebrant sein wird.<\/p>\n","protected":false},"excerpt":{"rendered":"<p>Madrid, Spanien. Am 26. April hat im Kolleg der Kalasantiner in Madrid die 40. Nationale Woche f\u00fcr die Ordensgemeinschaften begonnen. Es handelt sich um eine Initiative des Theologischen Instituts f\u00fcr das Ordensleben, das von den Claretiner-Missionaren der St. Jakobs-Provinz geleitet wird. Das Leitwort dieser Woche ist: \u201eFrauen und M\u00e4nner Gottes. Mystik und Zeugnis\u201c. Als Referenten [&hellip;]<\/p>\n","protected":false},"author":1,"featured_media":56551,"comment_status":"closed","ping_status":"closed","sticky":false,"template":"","format":"standard","meta":{"_et_pb_use_builder":"","_et_pb_old_content":"","_et_gb_content_width":"","footnotes":""},"categories":[420],"tags":[],"class_list":["post-56557","post","type-post","status-publish","format-standard","has-post-thumbnail","hentry","category-geweihtes-leben"],"jetpack_featured_media_url":"https:\/\/i0.wp.com\/www.claret.org\/wp-content\/uploads\/2019\/07\/SEMANA1.jpg?fit=450%2C427&ssl=1","jetpack_sharing_enabled":true,"jetpack_shortlink":"https:\/\/wp.me\/pdaBmi-eId","jetpack_likes_enabled":true,"_links":{"self":[{"href":"https:\/\/www.claret.org\/de\/wp-json\/wp\/v2\/posts\/56557","targetHints":{"allow":["GET"]}}],"collection":[{"href":"https:\/\/www.claret.org\/de\/wp-json\/wp\/v2\/posts"}],"about":[{"href":"https:\/\/www.claret.org\/de\/wp-json\/wp\/v2\/types\/post"}],"author":[{"embeddable":true,"href":"https:\/\/www.claret.org\/de\/wp-json\/wp\/v2\/users\/1"}],"replies":[{"embeddable":true,"href":"https:\/\/www.claret.org\/de\/wp-json\/wp\/v2\/comments?post=56557"}],"version-history":[{"count":0,"href":"https:\/\/www.claret.org\/de\/wp-json\/wp\/v2\/posts\/56557\/revisions"}],"wp:featuredmedia":[{"embeddable":true,"href":"https:\/\/www.claret.org\/de\/wp-json\/wp\/v2\/media\/56551"}],"wp:attachment":[{"href":"https:\/\/www.claret.org\/de\/wp-json\/wp\/v2\/media?parent=56557"}],"wp:term":[{"taxonomy":"category","embeddable":true,"href":"https:\/\/www.claret.org\/de\/wp-json\/wp\/v2\/categories?post=56557"},{"taxonomy":"post_tag","embeddable":true,"href":"https:\/\/www.claret.org\/de\/wp-json\/wp\/v2\/tags?post=56557"}],"curies":[{"name":"wp","href":"https:\/\/api.w.org\/{rel}","templated":true}]}}