{"id":56792,"date":"2011-04-06T09:28:47","date_gmt":"2011-04-06T07:28:47","guid":{"rendered":"https:\/\/www.claret.org\/versammlung-in-kamerun\/"},"modified":"2011-04-06T09:28:47","modified_gmt":"2011-04-06T07:28:47","slug":"versammlung-in-kamerun","status":"publish","type":"post","link":"https:\/\/www.claret.org\/de\/versammlung-in-kamerun\/","title":{"rendered":"Versammlung in Kamerun"},"content":{"rendered":"<p><strong>Yaound\u00e9, Kamerun.<\/strong> Am 5. April fand in Yaound\u00e9\/Nkolbisson eine Versammlung der Claretiner der Delegation Zentralafrika statt, die in Kamerun t\u00e4tig sind. Die Versammlung leitete der h\u00f6here Obere P. M\u00e9dard Kwango CMF zusammen mit den Mitgliedern seines Rats.<\/p>\n<p>Mit dieser Zusammenkunft wurde eine der Empfehlungen der Generalversammlung der Delegation aus dem Jahr 2008 umgesetzt, man m\u00fcsse h\u00e4ufiger Regionalversammlungen halten. Auch folgte man den Empfehlungen des 24. Generalkapitels und des Treffens der h\u00f6heren Oberen der Kongregation, das 2010 in Colmenar Viejo stattfand.<\/p>\n<p>Die Versammlung befasse sich mit dem Prozess der Erneuerung der Kongregation durch das Projekt \u201eDas Schmiedefeuer im Alltag\u201c und behandelte einige Aspekte sowohl bez\u00fcglich der Neuorganisation der Organismen der Kongregation als auch bez\u00fcglich der wirtschaftlichen Lage der Delegation.<\/p>\n<p>Der h\u00f6here Obere n\u00fctzte die Gelegenheit, um auf einige Themen zu verweisen, die bei der kanonischen Visitation in den Gemeinschaften aufgetaucht waren.<\/p>\n","protected":false},"excerpt":{"rendered":"<p>Yaound\u00e9, Kamerun. Am 5. April fand in Yaound\u00e9\/Nkolbisson eine Versammlung der Claretiner der Delegation Zentralafrika statt, die in Kamerun t\u00e4tig sind. Die Versammlung leitete der h\u00f6here Obere P. M\u00e9dard Kwango CMF zusammen mit den Mitgliedern seines Rats. Mit dieser Zusammenkunft wurde eine der Empfehlungen der Generalversammlung der Delegation aus dem Jahr 2008 umgesetzt, man m\u00fcsse [&hellip;]<\/p>\n","protected":false},"author":1,"featured_media":56786,"comment_status":"closed","ping_status":"closed","sticky":false,"template":"","format":"standard","meta":{"_et_pb_use_builder":"","_et_pb_old_content":"","_et_gb_content_width":"","footnotes":""},"categories":[133],"tags":[],"class_list":["post-56792","post","type-post","status-publish","format-standard","has-post-thumbnail","hentry","category-cameroun-de"],"jetpack_featured_media_url":"https:\/\/i0.wp.com\/www.claret.org\/wp-content\/uploads\/2019\/07\/Camern_Assemble_1.jpg?fit=450%2C305&ssl=1","jetpack_sharing_enabled":true,"jetpack_shortlink":"https:\/\/wp.me\/pdaBmi-eM0","jetpack_likes_enabled":true,"_links":{"self":[{"href":"https:\/\/www.claret.org\/de\/wp-json\/wp\/v2\/posts\/56792","targetHints":{"allow":["GET"]}}],"collection":[{"href":"https:\/\/www.claret.org\/de\/wp-json\/wp\/v2\/posts"}],"about":[{"href":"https:\/\/www.claret.org\/de\/wp-json\/wp\/v2\/types\/post"}],"author":[{"embeddable":true,"href":"https:\/\/www.claret.org\/de\/wp-json\/wp\/v2\/users\/1"}],"replies":[{"embeddable":true,"href":"https:\/\/www.claret.org\/de\/wp-json\/wp\/v2\/comments?post=56792"}],"version-history":[{"count":0,"href":"https:\/\/www.claret.org\/de\/wp-json\/wp\/v2\/posts\/56792\/revisions"}],"wp:featuredmedia":[{"embeddable":true,"href":"https:\/\/www.claret.org\/de\/wp-json\/wp\/v2\/media\/56786"}],"wp:attachment":[{"href":"https:\/\/www.claret.org\/de\/wp-json\/wp\/v2\/media?parent=56792"}],"wp:term":[{"taxonomy":"category","embeddable":true,"href":"https:\/\/www.claret.org\/de\/wp-json\/wp\/v2\/categories?post=56792"},{"taxonomy":"post_tag","embeddable":true,"href":"https:\/\/www.claret.org\/de\/wp-json\/wp\/v2\/tags?post=56792"}],"curies":[{"name":"wp","href":"https:\/\/api.w.org\/{rel}","templated":true}]}}