{"id":56951,"date":"2011-03-02T10:32:47","date_gmt":"2011-03-02T09:32:47","guid":{"rendered":"https:\/\/www.claret.org\/das-nou-testament-von-editorial-claret-verkauft-sich-500-000-mal\/"},"modified":"2011-03-02T10:32:47","modified_gmt":"2011-03-02T09:32:47","slug":"das-nou-testament-von-editorial-claret-verkauft-sich-500-000-mal","status":"publish","type":"post","link":"https:\/\/www.claret.org\/de\/das-nou-testament-von-editorial-claret-verkauft-sich-500-000-mal\/","title":{"rendered":"Das \u201eNou Testament\u201c von Editorial Claret verkauft sich 500.000 Mal"},"content":{"rendered":"<p><strong>Barcelona, Spanien.<\/strong>  Das \u201eNou Testament\u201c (katalanische Ausgabe des Neuen Testaments) von Editorial Claret in Barcelona hat im Jahr 2010 die 20. Auflage erreicht. Die Aufnahme bei den katalanischen Lesern spiegelt sich in 500.000 verkauften Exemplaren wider.<\/p>\n<div><\/div>\n<p>In \u00dcbereinstimmung mit seiner Tradition hat sich der Verlag verpflichtet, die \u00dcbersetzung lebendig zu erhalten und alle zehn Jahre eine sprachliche Aktualisierung vorzunehmen. Der Verantwortliche f\u00fcr diese direkte \u00dcbersetzung aus dem Urtext ist P. Jaume Sidera i Plana CMF.<\/p>\n<p>Zu seinen Lesern z\u00e4hlt unser Mitbruder Pedro Casald\u00e1liga CMF, emeritierter Erzbischof von S\u00e3o F\u00e9lix de Araguaia (Brasilien), der zu dieser Ausgabe sagt: \u201eHerzlichen Gl\u00fcckwunsch an unseren Claret-Verlag zu dieser Ausgabe des Neuen Testaments. Ich lese jeden Abend einen Abschnitt und finde es sehr w\u00fcrzig in seinem direkten, vertrauten Stil, und au\u00dferdem originalgetreu.\u201c<\/p>\n","protected":false},"excerpt":{"rendered":"<p>Barcelona, Spanien. Das \u201eNou Testament\u201c (katalanische Ausgabe des Neuen Testaments) von Editorial Claret in Barcelona hat im Jahr 2010 die 20. Auflage erreicht. Die Aufnahme bei den katalanischen Lesern spiegelt sich in 500.000 verkauften Exemplaren wider. In \u00dcbereinstimmung mit seiner Tradition hat sich der Verlag verpflichtet, die \u00dcbersetzung lebendig zu erhalten und alle zehn Jahre [&hellip;]<\/p>\n","protected":false},"author":1,"featured_media":56945,"comment_status":"closed","ping_status":"closed","sticky":false,"template":"","format":"standard","meta":{"_et_pb_use_builder":"","_et_pb_old_content":"","_et_gb_content_width":"","footnotes":""},"categories":[415,254],"tags":[],"class_list":["post-56951","post","type-post","status-publish","format-standard","has-post-thumbnail","hentry","category-biblische-pastoral","category-claret-publishing-group-de"],"jetpack_featured_media_url":"https:\/\/i0.wp.com\/www.claret.org\/wp-content\/uploads\/2019\/07\/Nou_Testament.jpg?fit=293%2C500&ssl=1","jetpack_sharing_enabled":true,"jetpack_shortlink":"https:\/\/wp.me\/pdaBmi-eOz","jetpack_likes_enabled":true,"_links":{"self":[{"href":"https:\/\/www.claret.org\/de\/wp-json\/wp\/v2\/posts\/56951","targetHints":{"allow":["GET"]}}],"collection":[{"href":"https:\/\/www.claret.org\/de\/wp-json\/wp\/v2\/posts"}],"about":[{"href":"https:\/\/www.claret.org\/de\/wp-json\/wp\/v2\/types\/post"}],"author":[{"embeddable":true,"href":"https:\/\/www.claret.org\/de\/wp-json\/wp\/v2\/users\/1"}],"replies":[{"embeddable":true,"href":"https:\/\/www.claret.org\/de\/wp-json\/wp\/v2\/comments?post=56951"}],"version-history":[{"count":0,"href":"https:\/\/www.claret.org\/de\/wp-json\/wp\/v2\/posts\/56951\/revisions"}],"wp:featuredmedia":[{"embeddable":true,"href":"https:\/\/www.claret.org\/de\/wp-json\/wp\/v2\/media\/56945"}],"wp:attachment":[{"href":"https:\/\/www.claret.org\/de\/wp-json\/wp\/v2\/media?parent=56951"}],"wp:term":[{"taxonomy":"category","embeddable":true,"href":"https:\/\/www.claret.org\/de\/wp-json\/wp\/v2\/categories?post=56951"},{"taxonomy":"post_tag","embeddable":true,"href":"https:\/\/www.claret.org\/de\/wp-json\/wp\/v2\/tags?post=56951"}],"curies":[{"name":"wp","href":"https:\/\/api.w.org\/{rel}","templated":true}]}}