{"id":57350,"date":"2011-01-13T16:18:43","date_gmt":"2011-01-13T15:18:43","guid":{"rendered":"https:\/\/www.claret.org\/am-jahrestag-des-erdbebens-in-haiti\/"},"modified":"2011-01-13T16:18:43","modified_gmt":"2011-01-13T15:18:43","slug":"am-jahrestag-des-erdbebens-in-haiti","status":"publish","type":"post","link":"https:\/\/www.claret.org\/de\/am-jahrestag-des-erdbebens-in-haiti\/","title":{"rendered":"Am Jahrestag des Erdbebens in Haiti"},"content":{"rendered":"<p><strong>Port-au-Prince, Haiti.<\/strong> Am 12. Januar 2011 hat die ganze Welt des schrecklichen Erdbebens gedacht, das Port-au-Prince ersch\u00fcttert hat. Das Volk von Haiti war zugrunde gerichtet und erlebte eine d\u00fcstere Stunde. Heute, nach 365 Tagen, leidet unser Herz noch immer mit, doch wir wollen die Zukunft in HOFFNUNG sehen.<\/p>\n<p>PROMICLA (\u201eProcura Misionera Claretiana de la Delegaci\u00f3n de Antillas\u201c, die Missionsprokura der Claretiner auf den Antillen), in der unsere Missionare zusammen mit einem gro\u00dfen Team von Laien t\u00e4tig sind, l\u00e4dt uns eine, eine PowerPoint-Pr\u00e4sentation anzusehen und zum Gott des Lebens f\u00fcr das haitianische Volk zu beten, das immer noch an den Folgen der Katastrophe leidet, das aber auch f\u00fcr die Beweise von Br\u00fcderlichkeit und Gro\u00dfz\u00fcgigkeit dankt, die es erfahren hat.<\/p>\n<p>Die Pr\u00e4sentation ist \u00fcber folgenden Link zu erreichen:<br \/>\n<a title=\"http:\/\/promicla.blogspot.com\/2011\/01\/primer-aniversario-del-terremoto-en.html\" href=\"http:\/\/promicla.blogspot.com\/2011\/01\/primer-aniversario-del-terremoto-en.html\" target=\"_blank\" rel=\"noopener noreferrer nofollow\">http:\/\/promicla.blogspot.com\/2011\/01\/primer-aniversario-del-terremoto-en.html<\/a><\/p>\n<p>Dort zum Starten der Pr\u00e4sentation auf \u201eRECUENTO GR\u00c1FICO\u201c klicken.<\/p>\n","protected":false},"excerpt":{"rendered":"<p>Port-au-Prince, Haiti. Am 12. Januar 2011 hat die ganze Welt des schrecklichen Erdbebens gedacht, das Port-au-Prince ersch\u00fcttert hat. Das Volk von Haiti war zugrunde gerichtet und erlebte eine d\u00fcstere Stunde. Heute, nach 365 Tagen, leidet unser Herz noch immer mit, doch wir wollen die Zukunft in HOFFNUNG sehen. PROMICLA (\u201eProcura Misionera Claretiana de la Delegaci\u00f3n [&hellip;]<\/p>\n","protected":false},"author":1,"featured_media":57344,"comment_status":"closed","ping_status":"closed","sticky":false,"template":"","format":"standard","meta":{"_et_pb_use_builder":"","_et_pb_old_content":"","_et_gb_content_width":"","footnotes":""},"categories":[359],"tags":[],"class_list":["post-57350","post","type-post","status-publish","format-standard","has-post-thumbnail","hentry","category-antillas-de"],"jetpack_featured_media_url":"https:\/\/i0.wp.com\/www.claret.org\/wp-content\/uploads\/2019\/07\/Haiti_10.jpg?fit=800%2C600&ssl=1","jetpack_sharing_enabled":true,"jetpack_shortlink":"https:\/\/wp.me\/pdaBmi-eV0","jetpack_likes_enabled":true,"_links":{"self":[{"href":"https:\/\/www.claret.org\/de\/wp-json\/wp\/v2\/posts\/57350","targetHints":{"allow":["GET"]}}],"collection":[{"href":"https:\/\/www.claret.org\/de\/wp-json\/wp\/v2\/posts"}],"about":[{"href":"https:\/\/www.claret.org\/de\/wp-json\/wp\/v2\/types\/post"}],"author":[{"embeddable":true,"href":"https:\/\/www.claret.org\/de\/wp-json\/wp\/v2\/users\/1"}],"replies":[{"embeddable":true,"href":"https:\/\/www.claret.org\/de\/wp-json\/wp\/v2\/comments?post=57350"}],"version-history":[{"count":0,"href":"https:\/\/www.claret.org\/de\/wp-json\/wp\/v2\/posts\/57350\/revisions"}],"wp:featuredmedia":[{"embeddable":true,"href":"https:\/\/www.claret.org\/de\/wp-json\/wp\/v2\/media\/57344"}],"wp:attachment":[{"href":"https:\/\/www.claret.org\/de\/wp-json\/wp\/v2\/media?parent=57350"}],"wp:term":[{"taxonomy":"category","embeddable":true,"href":"https:\/\/www.claret.org\/de\/wp-json\/wp\/v2\/categories?post=57350"},{"taxonomy":"post_tag","embeddable":true,"href":"https:\/\/www.claret.org\/de\/wp-json\/wp\/v2\/tags?post=57350"}],"curies":[{"name":"wp","href":"https:\/\/api.w.org\/{rel}","templated":true}]}}