{"id":57713,"date":"2010-12-11T18:17:40","date_gmt":"2010-12-11T17:17:40","guid":{"rendered":"https:\/\/www.claret.org\/workshop-fur-ausbilder-in-ascla-west\/"},"modified":"2010-12-11T18:17:40","modified_gmt":"2010-12-11T17:17:40","slug":"workshop-fur-ausbilder-in-ascla-west","status":"publish","type":"post","link":"https:\/\/www.claret.org\/de\/workshop-fur-ausbilder-in-ascla-west\/","title":{"rendered":"Workshop f\u00fcr Ausbilder in ASCLA West"},"content":{"rendered":"<p>Im Einklang mit dem 24. Generalkapitel (2009) wurden zwei jeweils zehnt\u00e4gige Workshops f\u00fcr die Ausbilder der h\u00f6heren Organismen des westlichen Teils von Asien (ASCLA-West) organisiert. Der erste findet vom 6. bis 16. Dezember in Proggaloy, dem Pastoralzentrum der Erzdi\u00f6zese Kalkutta, statt, und der zweite ist vom 17. bis 27. Januar 2011 im Provinzhaus Karukutty in Kerala vorgesehen.<\/p>\n<p>Zum ersten Workshop kamen 18 Ausbilder aus Indien und Sri Lanka sowie eine Claretinerin aus Mysore.<\/p>\n<p>Das ist f\u00fcr die Ausbilder eine Gelegenheit, ihre Erfahrungen auszutauschen, eine gemeinsame Vision zu entwickeln, die Verf\u00fcgbaren Arbeitshilfen zu nutzen und den Ausbildungsdienst in der Kongregation zu bereichern. Bei der Vertiefung der Aussagen, die das 24. Generalkapitel \u00fcber die Ausbildung machte, zielt der Workshop darauf ab, die grundlegenden Strategien f\u00fcr diesen Dienst in unseren Ausbildungsh\u00e4usern zu entfalten.<\/p>\n<p>P. Mathew Vattamattam zog Nutzen aus den aktuellen Tendenzen in Erziehung und Ausbildung und gab so einen \u00dcberblick \u00fcber das Thema Ausbildung, wie es beim Generalkapitel behandelt wurde, und andere Themen wie die Herausforderungen der Ausbildung heute, die Notwendigkeit einer umgestaltenden Ausbildung und einige praktische Mittel f\u00fcr eine ganzheitliche Ausbildung.<\/p>\n<p>Entfaltet wurden auch andere Themen wie die Subjekte der Ausbildung, die Entscheidungsfindung und Begleitung in der Ausbildung sowie die Rolle von Gerechtigkeit, Frieden und Bewahrung der Sch\u00f6pfung und des Wortes Gottes in der Ausbildung.<\/p>\n","protected":false},"excerpt":{"rendered":"<p>Im Einklang mit dem 24. Generalkapitel (2009) wurden zwei jeweils zehnt\u00e4gige Workshops f\u00fcr die Ausbilder der h\u00f6heren Organismen des westlichen Teils von Asien (ASCLA-West) organisiert. Der erste findet vom 6. bis 16. Dezember in Proggaloy, dem Pastoralzentrum der Erzdi\u00f6zese Kalkutta, statt, und der zweite ist vom 17. bis 27. Januar 2011 im Provinzhaus Karukutty in [&hellip;]<\/p>\n","protected":false},"author":1,"featured_media":57708,"comment_status":"closed","ping_status":"closed","sticky":false,"template":"","format":"standard","meta":{"_et_pb_use_builder":"","_et_pb_old_content":"","_et_gb_content_width":"","footnotes":""},"categories":[219],"tags":[],"class_list":["post-57713","post","type-post","status-publish","format-standard","has-post-thumbnail","hentry","category-asien-west"],"jetpack_featured_media_url":"https:\/\/i0.wp.com\/www.claret.org\/wp-content\/uploads\/2019\/07\/India_Taller.jpg?fit=800%2C600&ssl=1","jetpack_sharing_enabled":true,"jetpack_shortlink":"https:\/\/wp.me\/pdaBmi-f0R","jetpack_likes_enabled":true,"_links":{"self":[{"href":"https:\/\/www.claret.org\/de\/wp-json\/wp\/v2\/posts\/57713","targetHints":{"allow":["GET"]}}],"collection":[{"href":"https:\/\/www.claret.org\/de\/wp-json\/wp\/v2\/posts"}],"about":[{"href":"https:\/\/www.claret.org\/de\/wp-json\/wp\/v2\/types\/post"}],"author":[{"embeddable":true,"href":"https:\/\/www.claret.org\/de\/wp-json\/wp\/v2\/users\/1"}],"replies":[{"embeddable":true,"href":"https:\/\/www.claret.org\/de\/wp-json\/wp\/v2\/comments?post=57713"}],"version-history":[{"count":0,"href":"https:\/\/www.claret.org\/de\/wp-json\/wp\/v2\/posts\/57713\/revisions"}],"wp:featuredmedia":[{"embeddable":true,"href":"https:\/\/www.claret.org\/de\/wp-json\/wp\/v2\/media\/57708"}],"wp:attachment":[{"href":"https:\/\/www.claret.org\/de\/wp-json\/wp\/v2\/media?parent=57713"}],"wp:term":[{"taxonomy":"category","embeddable":true,"href":"https:\/\/www.claret.org\/de\/wp-json\/wp\/v2\/categories?post=57713"},{"taxonomy":"post_tag","embeddable":true,"href":"https:\/\/www.claret.org\/de\/wp-json\/wp\/v2\/tags?post=57713"}],"curies":[{"name":"wp","href":"https:\/\/api.w.org\/{rel}","templated":true}]}}