{"id":57735,"date":"2010-12-08T18:27:52","date_gmt":"2010-12-08T17:27:52","guid":{"rendered":"https:\/\/www.claret.org\/claretiner-bei-den-intensiven-wochen-fur-das-ordensleben\/"},"modified":"2010-12-08T18:27:52","modified_gmt":"2010-12-08T17:27:52","slug":"claretiner-bei-den-intensiven-wochen-fur-das-ordensleben","status":"publish","type":"post","link":"https:\/\/www.claret.org\/de\/claretiner-bei-den-intensiven-wochen-fur-das-ordensleben\/","title":{"rendered":"Claretiner bei den intensiven Wochen f\u00fcr das Ordensleben"},"content":{"rendered":"<div class=\"field field-name-body field-type-text-with-summary field-label-hidden\">\n<div class=\"field-items\">\n<div class=\"field-item even\">\n<p><strong>Madrid, Spanien.<\/strong> Heute endet in Madrid das 4.Treffen junger Ordensleute von Spanien, das mehrere Tage lang an die hundertf\u00fcnfzig Ordensleute aus f\u00fcnfzehn L\u00e4ndern zusammengef\u00fchrt hat.<br \/>\nDas Treffen steht im Rahmen einiger Wochen von intensiver Aktivit\u00e4t des spanischen Ordenslebens, das noch \u2013 in den n\u00e4chsten Tagen \u2013 das 3.<span class=\"mceVisualNbsp\"> <\/span>Symposion halten wird, das vom Institut f\u00fcr das Ordensleben in Madrid veranstaltet wird. Programm und Einladung sind ein voller Erfolg: Es werden sich \u00fcber hundertsechzig Ordensleute versammeln, und zwar zumeist Ordensbr\u00fcder, denn sie sind Thema des Symposions.<\/p>\n<p>Mitte November war die spanische Hauptstadt Schauplatz der 18. Generalversammlung der Konferenz der Ordensleute (CONFER), die \u2013 entgegen allen Voraussagen \u2013 eine bemerkenswert hohe Teilnahme von h\u00f6heren Ordensoberen und -oberinnen ausl\u00f6ste, darunter die vier Claretinerprovinziale, die sich durch eine j\u00e4hrliche Teilnahme an der Versammlung auszuzeichnen pflegen. Wie gew\u00f6hnlich spielten dabei einige von unseren Mitbr\u00fcdern eine wichtige Rolle, und zwar P. Luis Alberto Gonzalo D\u00edez, P. Jos\u00e9 Cristo Rey Garc\u00eda Paredes und P. Manuel Tamargo. Ersterer \u00fcbernahm die Moderation des ganzen Treffens, der zweite \u00fcbernahm eines der grundlegenden Referate, und der dritte nahm als Mitglied des Leitungsrats der CONFER aktiv an der Vorbereitung teil.<\/p>\n<p>Tage sp\u00e4ter nahm Madrid auch das 2. internationale Treffen der Fachzeitschriften \u00fcber das Ordensleben auf. Diese Initiative traf sich zum ersten Mal 2008 in Chile. Sie wurde beim Internationalen Kongress ins Auge gefasst, der 2004 in Rom stattfand. Die Zusammenkunft f\u00fchrt zw\u00f6lf der wichtigsten Fachzeitschriften der Welt zusammen, darunter auch <em>Vida Religiosa<\/em> und <em>Claretianum<\/em>. <em>Vida Religiosa<\/em>fungierte zusammen mit zweit weiteren spanischen Zeitschriften als Gastgeber. P. Pedro Manuel Sarmiento Caballero, der stellvertretende Schriftleiter von <em>Vida Religiosa<\/em>, ergriff das Wort als Verfasser eines der drei gro\u00dfen Referate des Treffens.<\/p>\n<p>Die Abl\u00f6sung \u00fcbernahmen die jungen Ordensleute, die ihr j\u00e4hrliches Stelldichein beim Junioratstreffen haben, das unsere Schule Regina Apostolorum veranstaltet und zu dessen elfter Ausgabe bereits f\u00fcr M\u00e4rz 2011 eingeladen ist. Einer der Hauptorganisatoren dieses Treffens, dem vierten, bei dem es jeweils eine bedeutende claretinische Pr\u00e4senz gab, war der Claretiner-Diakon Manuel Ogalla. Die Patres Luis A. Gonzalo D\u00edez, Carlos D\u00edaz Mu\u00f1iz und Fernando Prado haben in Referaten, Mitteilungen und Workshops das Wort an die Teilnehmer gerichtet.<\/p>\n<p>\u00dcber all diese Aktivit\u00e4ten findet man weitere Informationen auf <a href=\"http:\/\/www.masdecerca.org\/\" rel=\"nofollow noopener\" target=\"_blank\">www.masdecerca.org<\/a>, einem Blog, der von P. Fernando Prado, dem Direktor von <em>Publicaciones Claretianas<\/em> in Madrid, geleitet wird. Man braucht sich nicht wundern, wenn man all diese Mitwirkenden und ihre Qualifikation sieht, dass manche Leute meinen, unsere Kongregation sei entstanden, um die Ordensleute zu begleiten.<\/p>\n<\/div>\n<\/div>\n<\/div>\n","protected":false},"excerpt":{"rendered":"<p>Madrid, Spanien. Heute endet in Madrid das 4.Treffen junger Ordensleute von Spanien, das mehrere Tage lang an die hundertf\u00fcnfzig Ordensleute aus f\u00fcnfzehn L\u00e4ndern zusammengef\u00fchrt hat. Das Treffen steht im Rahmen einiger Wochen von intensiver Aktivit\u00e4t des spanischen Ordenslebens, das noch \u2013 in den n\u00e4chsten Tagen \u2013 das 3. Symposion halten wird, das vom Institut f\u00fcr [&hellip;]<\/p>\n","protected":false},"author":1,"featured_media":57730,"comment_status":"closed","ping_status":"closed","sticky":false,"template":"","format":"standard","meta":{"_et_pb_use_builder":"","_et_pb_old_content":"","_et_gb_content_width":"","footnotes":""},"categories":[524,531,420],"tags":[],"class_list":["post-57735","post","type-post","status-publish","format-standard","has-post-thumbnail","hentry","category-claret-mit-dir","category-claretinerfamilie","category-geweihtes-leben"],"jetpack_featured_media_url":"https:\/\/i0.wp.com\/www.claret.org\/wp-content\/uploads\/2019\/07\/EspaaRelJovenes_logo1.jpg?fit=400%2C173&ssl=1","jetpack_sharing_enabled":true,"jetpack_shortlink":"https:\/\/wp.me\/pdaBmi-f1d","jetpack_likes_enabled":true,"_links":{"self":[{"href":"https:\/\/www.claret.org\/de\/wp-json\/wp\/v2\/posts\/57735","targetHints":{"allow":["GET"]}}],"collection":[{"href":"https:\/\/www.claret.org\/de\/wp-json\/wp\/v2\/posts"}],"about":[{"href":"https:\/\/www.claret.org\/de\/wp-json\/wp\/v2\/types\/post"}],"author":[{"embeddable":true,"href":"https:\/\/www.claret.org\/de\/wp-json\/wp\/v2\/users\/1"}],"replies":[{"embeddable":true,"href":"https:\/\/www.claret.org\/de\/wp-json\/wp\/v2\/comments?post=57735"}],"version-history":[{"count":0,"href":"https:\/\/www.claret.org\/de\/wp-json\/wp\/v2\/posts\/57735\/revisions"}],"wp:featuredmedia":[{"embeddable":true,"href":"https:\/\/www.claret.org\/de\/wp-json\/wp\/v2\/media\/57730"}],"wp:attachment":[{"href":"https:\/\/www.claret.org\/de\/wp-json\/wp\/v2\/media?parent=57735"}],"wp:term":[{"taxonomy":"category","embeddable":true,"href":"https:\/\/www.claret.org\/de\/wp-json\/wp\/v2\/categories?post=57735"},{"taxonomy":"post_tag","embeddable":true,"href":"https:\/\/www.claret.org\/de\/wp-json\/wp\/v2\/tags?post=57735"}],"curies":[{"name":"wp","href":"https:\/\/api.w.org\/{rel}","templated":true}]}}