{"id":57798,"date":"2010-12-03T09:25:26","date_gmt":"2010-12-03T08:25:26","guid":{"rendered":"https:\/\/www.claret.org\/die-martyrer-von-barbastro-beim-weltjugendtag\/"},"modified":"2010-12-03T09:25:26","modified_gmt":"2010-12-03T08:25:26","slug":"die-martyrer-von-barbastro-beim-weltjugendtag","status":"publish","type":"post","link":"https:\/\/www.claret.org\/de\/die-martyrer-von-barbastro-beim-weltjugendtag\/","title":{"rendered":"Die Martyrer von Barbastro beim Weltjugendtag"},"content":{"rendered":"<p><strong>Madrid, Spanien.<\/strong> Die Zeitschrift \u201aCentinela\u2018 der Fachstelle Kinder- und Jugendarbeit des Erzbistums Madrid hat bereits ihre 25. Ausgabe erreicht.<br \/>\nGenau in dieser Nummer wird auf der Titelseite auf die Anstregungen der Orden zur Unterst\u00fctzung des Weltjugendtags 2011 erinnert. Dar\u00fcber hinaus w\u00e4hlt \u201eCentinela\u201c als Hauptdarsteller f\u00fcr seine Rubrik \u201eUnge Menschen und Heilige: Bezugsgr\u00f6\u00dfen auf unserem Weg zum WJT\u201c die seligen Claretiner-Martyrer von Barbastro.<\/p>\n<p>Der Artikel, der von den Jugendlichen Diana G\u00f3mez und Sonia Calle geschrieben ist, beginnt mit folgendem Vorspann: \u201eWenn es in der heutigen Gesellschaft oft nicht leicht ist, an den \u00dcberzeugungen festzuhalten, f\u00fcr die man sich entschieden hat, stellen wir uns vor, wie sehr sich die Sache komplizieren w\u00fcrde, wenn deswegen unser Leben aufs Spiel gesetzt w\u00fcrde.\u201c Anschlie\u00dfend erz\u00e4hlt er das Martyrium unserer Mitbr\u00fcder, greift mehrere Aussagen von Papst Johannes Paul II. \u00fcber sie auf und gibt den Brief von Faustino P\u00e9rez an die Kongregation sowie eines der Bilder von P. Jos\u00e9 Beruete wieder. Die \u00dcberlegungen beschlie\u00dft ein Verweis auf den heiligen Antonius Maria Claret und ein Zitat aus seiner \u201eDefinition des Missionars\u201c.<br \/>\nEs ist besonders bezeichnend, dass die Erzdi\u00f6zese Madrid, mit der so viele Heilige aus dem 20. Jahrhundert verbunden sind, auf dem Vorbereitungsweg zum Weltjugendtag den Blick auf die jungen Martyrer von Barbastro gerichtet hat.<\/p>\n","protected":false},"excerpt":{"rendered":"<p>Madrid, Spanien. Die Zeitschrift \u201aCentinela\u2018 der Fachstelle Kinder- und Jugendarbeit des Erzbistums Madrid hat bereits ihre 25. Ausgabe erreicht. Genau in dieser Nummer wird auf der Titelseite auf die Anstregungen der Orden zur Unterst\u00fctzung des Weltjugendtags 2011 erinnert. Dar\u00fcber hinaus w\u00e4hlt \u201eCentinela\u201c als Hauptdarsteller f\u00fcr seine Rubrik \u201eUnge Menschen und Heilige: Bezugsgr\u00f6\u00dfen auf unserem Weg [&hellip;]<\/p>\n","protected":false},"author":1,"featured_media":57794,"comment_status":"closed","ping_status":"closed","sticky":false,"template":"","format":"standard","meta":{"_et_pb_use_builder":"","_et_pb_old_content":"","_et_gb_content_width":"","footnotes":""},"categories":[483,476],"tags":[],"class_list":["post-57798","post","type-post","status-publish","format-standard","has-post-thumbnail","hentry","category-jugendministerium-und-berufungen","category-martyrer-von-barbastro"],"jetpack_featured_media_url":"https:\/\/i0.wp.com\/www.claret.org\/wp-content\/uploads\/2010\/12\/Centinela.jpg?fit=250%2C348&ssl=1","jetpack_sharing_enabled":true,"jetpack_shortlink":"https:\/\/wp.me\/pdaBmi-f2e","jetpack_likes_enabled":true,"_links":{"self":[{"href":"https:\/\/www.claret.org\/de\/wp-json\/wp\/v2\/posts\/57798","targetHints":{"allow":["GET"]}}],"collection":[{"href":"https:\/\/www.claret.org\/de\/wp-json\/wp\/v2\/posts"}],"about":[{"href":"https:\/\/www.claret.org\/de\/wp-json\/wp\/v2\/types\/post"}],"author":[{"embeddable":true,"href":"https:\/\/www.claret.org\/de\/wp-json\/wp\/v2\/users\/1"}],"replies":[{"embeddable":true,"href":"https:\/\/www.claret.org\/de\/wp-json\/wp\/v2\/comments?post=57798"}],"version-history":[{"count":0,"href":"https:\/\/www.claret.org\/de\/wp-json\/wp\/v2\/posts\/57798\/revisions"}],"wp:featuredmedia":[{"embeddable":true,"href":"https:\/\/www.claret.org\/de\/wp-json\/wp\/v2\/media\/57794"}],"wp:attachment":[{"href":"https:\/\/www.claret.org\/de\/wp-json\/wp\/v2\/media?parent=57798"}],"wp:term":[{"taxonomy":"category","embeddable":true,"href":"https:\/\/www.claret.org\/de\/wp-json\/wp\/v2\/categories?post=57798"},{"taxonomy":"post_tag","embeddable":true,"href":"https:\/\/www.claret.org\/de\/wp-json\/wp\/v2\/tags?post=57798"}],"curies":[{"name":"wp","href":"https:\/\/api.w.org\/{rel}","templated":true}]}}