{"id":59908,"date":"2007-12-17T22:25:09","date_gmt":"2007-12-17T21:25:09","guid":{"rendered":"https:\/\/www.claret.org\/berufungspastoral-in-der-deutschen-provinz\/"},"modified":"2007-12-17T22:25:09","modified_gmt":"2007-12-17T21:25:09","slug":"berufungspastoral-in-der-deutschen-provinz","status":"publish","type":"post","link":"https:\/\/www.claret.org\/de\/berufungspastoral-in-der-deutschen-provinz\/","title":{"rendered":"Berufungspastoral in der Deutschen Provinz"},"content":{"rendered":"<p>Vom 7. bis 12. Dezember hat P. Juan Carlos Martos als Generalsekret\u00e4r f\u00fcr Berufungspastoral die Gemeinschaften W\u00fcrzburg, Frankfurt, M\u00fchlberg, Spaichingen und Wei\u00dfenhorn besucht. Es war eine Gelegenheit zum direkten Kennenlernen der Wirklichkeit und zum Meinungsaustausch mit den Claretinern. Besonders wichtig war die Begegnung mit dem Apostolatspr\u00e4fekten P. Ansgar in M\u00fchlberg, um die Schwierigkeiten und die Horizonte zu analysieren, die sich auftun.<\/p>\n","protected":false},"excerpt":{"rendered":"<p>Vom 7. bis 12. Dezember hat P. Juan Carlos Martos als Generalsekret\u00e4r f\u00fcr Berufungspastoral die Gemeinschaften W\u00fcrzburg, Frankfurt, M\u00fchlberg, Spaichingen und Wei\u00dfenhorn besucht. Es war eine Gelegenheit zum direkten Kennenlernen der Wirklichkeit und zum Meinungsaustausch mit den Claretinern. Besonders wichtig war die Begegnung mit dem Apostolatspr\u00e4fekten P. Ansgar in M\u00fchlberg, um die Schwierigkeiten und die [&hellip;]<\/p>\n","protected":false},"author":1,"featured_media":0,"comment_status":"closed","ping_status":"closed","sticky":false,"template":"","format":"standard","meta":{"_et_pb_use_builder":"","_et_pb_old_content":"","_et_gb_content_width":"","footnotes":""},"categories":[308,483],"tags":[],"class_list":["post-59908","post","type-post","status-publish","format-standard","hentry","category-deutschland-de","category-jugendministerium-und-berufungen"],"jetpack_featured_media_url":"","jetpack_sharing_enabled":true,"jetpack_shortlink":"https:\/\/wp.me\/pdaBmi-fAg","jetpack_likes_enabled":true,"_links":{"self":[{"href":"https:\/\/www.claret.org\/de\/wp-json\/wp\/v2\/posts\/59908","targetHints":{"allow":["GET"]}}],"collection":[{"href":"https:\/\/www.claret.org\/de\/wp-json\/wp\/v2\/posts"}],"about":[{"href":"https:\/\/www.claret.org\/de\/wp-json\/wp\/v2\/types\/post"}],"author":[{"embeddable":true,"href":"https:\/\/www.claret.org\/de\/wp-json\/wp\/v2\/users\/1"}],"replies":[{"embeddable":true,"href":"https:\/\/www.claret.org\/de\/wp-json\/wp\/v2\/comments?post=59908"}],"version-history":[{"count":0,"href":"https:\/\/www.claret.org\/de\/wp-json\/wp\/v2\/posts\/59908\/revisions"}],"wp:attachment":[{"href":"https:\/\/www.claret.org\/de\/wp-json\/wp\/v2\/media?parent=59908"}],"wp:term":[{"taxonomy":"category","embeddable":true,"href":"https:\/\/www.claret.org\/de\/wp-json\/wp\/v2\/categories?post=59908"},{"taxonomy":"post_tag","embeddable":true,"href":"https:\/\/www.claret.org\/de\/wp-json\/wp\/v2\/tags?post=59908"}],"curies":[{"name":"wp","href":"https:\/\/api.w.org\/{rel}","templated":true}]}}