{"id":59950,"date":"2019-08-02T22:31:20","date_gmt":"2019-08-02T20:31:20","guid":{"rendered":"https:\/\/www.claret.org\/br-salvador-segura-cmf-neuer-generalwirtschaftsassistent\/"},"modified":"2019-08-03T09:37:09","modified_gmt":"2019-08-03T07:37:09","slug":"br-salvador-segura-cmf-neuer-generalwirtschaftsassistent","status":"publish","type":"post","link":"https:\/\/www.claret.org\/de\/br-salvador-segura-cmf-neuer-generalwirtschaftsassistent\/","title":{"rendered":"Br. Salvador Segura CMF neuer Assistent des General\u00f6konomen"},"content":{"rendered":"<p><strong>Rom, Italien.<\/strong> Am Donnerstag, dem 1. August 2019 \u00fcbernahm der Messbund- und Generalmesskollektor Br. Salvador Segura CMF das Amt des Assistenten den General\u00f6konoms. Er tritt damit an die Stelle von Br. Evencio Cu\u00f1ado CMF, der der St. Jakobs-Provinz zugewiesen wird. Alle Provinz- und Delegations\u00f6konomen und weiteren damit zusammenh\u00e4ngenden \u00c4mter werden auf die Ver\u00e4nderung hingewiesen. Die E-Mail-Adresse bleibt wie bisher.<\/p>\n<p>Die ganze Kongregation ist Br. Evencio sehr dankbar f\u00fcr den stillen, aber sehr wichtigen Dienst, den er f\u00fcr das Generalat und die gesamte Kongregation mehr oder weniger 38 Jahre lang geleistet hat.<\/p>\n<p><strong>An unseren lieben Bruder Evencio: alles Gute f\u00fcr deine neue Aufgabe in der St. Jakobs-Provinz!<\/strong><\/p>\n<p><img data-recalc-dims=\"1\" loading=\"lazy\" decoding=\"async\" class=\"alignnone size-full wp-image-59914\" src=\"https:\/\/i0.wp.com\/www.claret.org\/wp-content\/uploads\/2019\/08\/evencio.jpg?resize=1080%2C550&#038;ssl=1\" alt=\"\" width=\"1080\" height=\"550\" title=\"\" srcset=\"https:\/\/i0.wp.com\/www.claret.org\/wp-content\/uploads\/2019\/08\/evencio.jpg?w=1366&amp;ssl=1 1366w, https:\/\/i0.wp.com\/www.claret.org\/wp-content\/uploads\/2019\/08\/evencio.jpg?resize=300%2C153&amp;ssl=1 300w, https:\/\/i0.wp.com\/www.claret.org\/wp-content\/uploads\/2019\/08\/evencio.jpg?resize=768%2C391&amp;ssl=1 768w, https:\/\/i0.wp.com\/www.claret.org\/wp-content\/uploads\/2019\/08\/evencio.jpg?resize=1024%2C522&amp;ssl=1 1024w, https:\/\/i0.wp.com\/www.claret.org\/wp-content\/uploads\/2019\/08\/evencio.jpg?resize=1080%2C550&amp;ssl=1 1080w\" sizes=\"(max-width: 1080px) 100vw, 1080px\" \/><\/p>\n","protected":false},"excerpt":{"rendered":"<p>Rom, Italien. Am Donnerstag, dem 1. August 2019 \u00fcbernahm der Messbund- und Generalmesskollektor Br. Salvador Segura CMF das Amt des Assistenten den General\u00f6konoms. Er tritt damit an die Stelle von Br. Evencio Cu\u00f1ado CMF, der der St. Jakobs-Provinz zugewiesen wird. Alle Provinz- und Delegations\u00f6konomen und weiteren damit zusammenh\u00e4ngenden \u00c4mter werden auf die Ver\u00e4nderung hingewiesen. Die [&hellip;]<\/p>\n","protected":false},"author":2,"featured_media":59889,"comment_status":"closed","ping_status":"closed","sticky":false,"template":"","format":"standard","meta":{"_et_pb_use_builder":"","_et_pb_old_content":"","_et_gb_content_width":"","footnotes":""},"categories":[555,589,520,510],"tags":[],"class_list":["post-59950","post","type-post","status-publish","format-standard","has-post-thumbnail","hentry","category-bruder","category-generalkurie","category-generalgouvernement","category-wirtschaft"],"jetpack_featured_media_url":"https:\/\/i0.wp.com\/www.claret.org\/wp-content\/uploads\/2019\/08\/salvador-segura-auxiliar.jpg?fit=1366%2C696&ssl=1","jetpack_sharing_enabled":true,"jetpack_shortlink":"https:\/\/wp.me\/pdaBmi-fAW","jetpack_likes_enabled":true,"_links":{"self":[{"href":"https:\/\/www.claret.org\/de\/wp-json\/wp\/v2\/posts\/59950","targetHints":{"allow":["GET"]}}],"collection":[{"href":"https:\/\/www.claret.org\/de\/wp-json\/wp\/v2\/posts"}],"about":[{"href":"https:\/\/www.claret.org\/de\/wp-json\/wp\/v2\/types\/post"}],"author":[{"embeddable":true,"href":"https:\/\/www.claret.org\/de\/wp-json\/wp\/v2\/users\/2"}],"replies":[{"embeddable":true,"href":"https:\/\/www.claret.org\/de\/wp-json\/wp\/v2\/comments?post=59950"}],"version-history":[{"count":0,"href":"https:\/\/www.claret.org\/de\/wp-json\/wp\/v2\/posts\/59950\/revisions"}],"wp:featuredmedia":[{"embeddable":true,"href":"https:\/\/www.claret.org\/de\/wp-json\/wp\/v2\/media\/59889"}],"wp:attachment":[{"href":"https:\/\/www.claret.org\/de\/wp-json\/wp\/v2\/media?parent=59950"}],"wp:term":[{"taxonomy":"category","embeddable":true,"href":"https:\/\/www.claret.org\/de\/wp-json\/wp\/v2\/categories?post=59950"},{"taxonomy":"post_tag","embeddable":true,"href":"https:\/\/www.claret.org\/de\/wp-json\/wp\/v2\/tags?post=59950"}],"curies":[{"name":"wp","href":"https:\/\/api.w.org\/{rel}","templated":true}]}}