{"id":60015,"date":"2007-10-23T19:20:00","date_gmt":"2007-10-23T17:20:00","guid":{"rendered":"https:\/\/www.claret.org\/feier-des-200-geburtstags-clarets-in-ostafrika\/"},"modified":"2007-10-23T19:20:00","modified_gmt":"2007-10-23T17:20:00","slug":"feier-des-200-geburtstags-clarets-in-ostafrika","status":"publish","type":"post","link":"https:\/\/www.claret.org\/de\/feier-des-200-geburtstags-clarets-in-ostafrika\/","title":{"rendered":"Feier des 200. Geburtstags Clarets in Ostafrika"},"content":{"rendered":"<div class=\"field field-name-body field-type-text-with-summary field-label-hidden\">\n<div class=\"field-items\">\n<div class=\"field-item even\">\n<p><b>Kenia<\/b>. \u2014 Die Lokalpresse hat von der Zusammenkunft berichtet, die die Claretiner von Ostafrika hielten, um den 200. Geburtstag ihres Gr\u00fcnders, des heiligen Antonius Maria Claret, zu begehen.<\/p>\n<p>Der Feier gingen dreit\u00e4gige Exerzitien vom 15. bis 17. August voraus, die der Generalvikar der Kongregation P. Rosendo Urrabazo leitete, der dazu aus Rom gekommen war. Das Programm schloss mit einem<\/p>\n<p>Ausflug in den Ort Mgomongo in Shanzu, wo die Missionare aus verschiedenen afrikanischen L\u00e4ndern die Darbietungen der unterschiedlichen Kulturen Kenias erlebten.<br \/>\nAm Samstag, dem 18. August, wurde das Fest in der Pfarrei Herz-Marien in Shanzu, Mombasa veranstaltet mit einer festlichen Eucharistiefeier, bei der der Generalvikar der Erzdi\u00f6zese Mombasa P. Lagho Hauptzelebrant war, flankiert von P. Urrabazo, der die Predigt hielt, und dem Koordinator der Claretinermissionen in Ostafrika P. Bernhard John. Die Messe war sehr lebendig mit melodi\u00f6sen Ges\u00e4ngen und zeremoniellen T\u00e4nzen. Auch die Claretiner-Seminaristen und mehrere Gruppen von Ordensschwestern nahmen teil.<br \/>\nEs folgte ein Empfang, bei dem es Reden gab von P. Ted Osuala, Superior von Kenia, und dem Pfarrer von Shanzu P. Hilary Ekeanyanwu. Auftritte hatten der Chor der Pfarrei, die Sch\u00fcler des Claret-Kinderhorts und der Grundschulen in Shanzu und Kiembeni, die \u201eWanamaria-Kinder\u201c, die Mutter und die Jugendkapelle Shanzu. Am Sonntag feierte Erzbischof Boniface Lele von Mombasa einen Dankgottesdienst, bei dem der Generalvikar P. Urrabazo, der Superior der Mission Kenia P. Osuala und weitere Claretiner aus der Region konzelebrierten.<\/p>\n<\/div>\n<\/div>\n<\/div>\n","protected":false},"excerpt":{"rendered":"<p>Kenia. \u2014 Die Lokalpresse hat von der Zusammenkunft berichtet, die die Claretiner von Ostafrika hielten, um den 200. Geburtstag ihres Gr\u00fcnders, des heiligen Antonius Maria Claret, zu begehen. Der Feier gingen dreit\u00e4gige Exerzitien vom 15. bis 17. August voraus, die der Generalvikar der Kongregation P. Rosendo Urrabazo leitete, der dazu aus Rom gekommen war. Das [&hellip;]<\/p>\n","protected":false},"author":1,"featured_media":0,"comment_status":"closed","ping_status":"closed","sticky":false,"template":"","format":"standard","meta":{"_et_pb_use_builder":"","_et_pb_old_content":"","_et_gb_content_width":"","footnotes":""},"categories":[531,571,536],"tags":[],"class_list":["post-60015","post","type-post","status-publish","format-standard","hentry","category-claretinerfamilie","category-grunder","category-kongregation"],"jetpack_featured_media_url":"","jetpack_sharing_enabled":true,"jetpack_shortlink":"https:\/\/wp.me\/pdaBmi-fBZ","jetpack_likes_enabled":true,"_links":{"self":[{"href":"https:\/\/www.claret.org\/de\/wp-json\/wp\/v2\/posts\/60015","targetHints":{"allow":["GET"]}}],"collection":[{"href":"https:\/\/www.claret.org\/de\/wp-json\/wp\/v2\/posts"}],"about":[{"href":"https:\/\/www.claret.org\/de\/wp-json\/wp\/v2\/types\/post"}],"author":[{"embeddable":true,"href":"https:\/\/www.claret.org\/de\/wp-json\/wp\/v2\/users\/1"}],"replies":[{"embeddable":true,"href":"https:\/\/www.claret.org\/de\/wp-json\/wp\/v2\/comments?post=60015"}],"version-history":[{"count":0,"href":"https:\/\/www.claret.org\/de\/wp-json\/wp\/v2\/posts\/60015\/revisions"}],"wp:attachment":[{"href":"https:\/\/www.claret.org\/de\/wp-json\/wp\/v2\/media?parent=60015"}],"wp:term":[{"taxonomy":"category","embeddable":true,"href":"https:\/\/www.claret.org\/de\/wp-json\/wp\/v2\/categories?post=60015"},{"taxonomy":"post_tag","embeddable":true,"href":"https:\/\/www.claret.org\/de\/wp-json\/wp\/v2\/tags?post=60015"}],"curies":[{"name":"wp","href":"https:\/\/api.w.org\/{rel}","templated":true}]}}