{"id":60020,"date":"2007-10-23T19:24:17","date_gmt":"2007-10-23T17:24:17","guid":{"rendered":"https:\/\/www.claret.org\/erster-claretiner-aus-vietnam-geweiht\/"},"modified":"2007-10-23T19:24:17","modified_gmt":"2007-10-23T17:24:17","slug":"erster-claretiner-aus-vietnam-geweiht","status":"publish","type":"post","link":"https:\/\/www.claret.org\/de\/erster-claretiner-aus-vietnam-geweiht\/","title":{"rendered":"Erster Claretiner aus Vietnam geweiht"},"content":{"rendered":"<p>USA. \u2014 Wir greifen hier im NUNC die Nachricht von der Priesterweihe des ersten vietnamesischen Claretinerpaters auf: P. Quyen Nguyen.<\/p>\n<p>Er wurde am 4. August in der Pfarrei St. Gabriel Mission in der Erzdi\u00f6zese Los Angeles in Kalifornien von Claretinerbischof Pl\u00e1cido Rodr\u00edguez in Gegenwart einer gro\u00dfen Zahl von Pfarrangeh\u00f6rigen, Freunden und Angeh\u00f6rigen geweiht. In letzer Minute wurde f\u00fcr seine Mutter die<\/p>\n<p>Einreiseerlaubnis in das Land erteilt, und sie konnte Quyen bei diesem so bedeutsamen Anlass begleiten.<br \/>\nQuyen Nguyen machte seine Ausbildung zum Claretiner in den Vereinigten Staaten, in die er mit 18 Jahren als Fl\u00fcchtling auf der Flucht vor dem Krieg kam.<br \/>\nWir begl\u00fcckw\u00fcnschen ihn und w\u00fcnschen ihm einen fruchtbaren Dienst in der missionarischen Art unseres Gr\u00fcnders P. Claret.<\/p>\n","protected":false},"excerpt":{"rendered":"<p>USA. \u2014 Wir greifen hier im NUNC die Nachricht von der Priesterweihe des ersten vietnamesischen Claretinerpaters auf: P. Quyen Nguyen. Er wurde am 4. August in der Pfarrei St. Gabriel Mission in der Erzdi\u00f6zese Los Angeles in Kalifornien von Claretinerbischof Pl\u00e1cido Rodr\u00edguez in Gegenwart einer gro\u00dfen Zahl von Pfarrangeh\u00f6rigen, Freunden und Angeh\u00f6rigen geweiht. In letzer [&hellip;]<\/p>\n","protected":false},"author":1,"featured_media":0,"comment_status":"closed","ping_status":"closed","sticky":false,"template":"","format":"standard","meta":{"_et_pb_use_builder":"","_et_pb_old_content":"","_et_gb_content_width":"","footnotes":""},"categories":[598,576],"tags":[],"class_list":["post-60020","post","type-post","status-publish","format-standard","hentry","category-usa-canada-de","category-ordinationen"],"jetpack_featured_media_url":"","jetpack_sharing_enabled":true,"jetpack_shortlink":"https:\/\/wp.me\/pdaBmi-fC4","jetpack_likes_enabled":true,"_links":{"self":[{"href":"https:\/\/www.claret.org\/de\/wp-json\/wp\/v2\/posts\/60020","targetHints":{"allow":["GET"]}}],"collection":[{"href":"https:\/\/www.claret.org\/de\/wp-json\/wp\/v2\/posts"}],"about":[{"href":"https:\/\/www.claret.org\/de\/wp-json\/wp\/v2\/types\/post"}],"author":[{"embeddable":true,"href":"https:\/\/www.claret.org\/de\/wp-json\/wp\/v2\/users\/1"}],"replies":[{"embeddable":true,"href":"https:\/\/www.claret.org\/de\/wp-json\/wp\/v2\/comments?post=60020"}],"version-history":[{"count":0,"href":"https:\/\/www.claret.org\/de\/wp-json\/wp\/v2\/posts\/60020\/revisions"}],"wp:attachment":[{"href":"https:\/\/www.claret.org\/de\/wp-json\/wp\/v2\/media?parent=60020"}],"wp:term":[{"taxonomy":"category","embeddable":true,"href":"https:\/\/www.claret.org\/de\/wp-json\/wp\/v2\/categories?post=60020"},{"taxonomy":"post_tag","embeddable":true,"href":"https:\/\/www.claret.org\/de\/wp-json\/wp\/v2\/tags?post=60020"}],"curies":[{"name":"wp","href":"https:\/\/api.w.org\/{rel}","templated":true}]}}