{"id":60033,"date":"2007-10-19T19:33:53","date_gmt":"2007-10-19T17:33:53","guid":{"rendered":"https:\/\/www.claret.org\/versammlung-der-claretiner-in-chile-freitag\/"},"modified":"2019-08-03T19:40:42","modified_gmt":"2019-08-03T17:40:42","slug":"versammlung-der-claretiner-in-chile-freitag","status":"publish","type":"post","link":"https:\/\/www.claret.org\/de\/versammlung-der-claretiner-in-chile-freitag\/","title":{"rendered":"Versammlung der Claretiner in Chile Freitag"},"content":{"rendered":"<p>P. Josep Abella hatte vom 13. bis 15. September den Vorsitz bei der Delegationsversammlung, an der 30 Claretiner teilnahmen sowie zehn Laien, mit denen wir gemeinsam missionarisch wirken. Der Vorsitzende der chilenischen Bischofskonferenz, Bischof Alejandro Goic, hielt einen einf\u00fchrenden Vortrag, der mithalf, unsere Auswertung und Planung einzuordnen. Die Anwesenheit von zehn Laien, die Bereiche in der Art von Sekretariaten der Pr\u00e4fektur f\u00fcr das Apostolat koordinieren und animieren, half mit, eine hoffnungsvolle Atmosph\u00e4re zu schaffen, da sie eine solide, effiziente und sehr apostolisch ausgerichtete Arbeit vorstellten.<br \/>\nDie Verpflichtungen, die die folgenden drei Jahre pr\u00e4gen werden, wurden in den Bereichen Spiritualit\u00e4t (\u201eWir f\u00fchlen uns aufgerufen, unsere Ordensleben auf dieselben Pfeiler zu gr\u00fcnden wie P. Claret: Wort Gottes, Eucharistie und Maria\u201c); Jugend- und Berufungspastoral; Ausbildung; missionarischer Dienst (\u201eDie Gute Nachricht wird glaubw\u00fcrdiger, wenn wir sie gemeinsam mit Laien verk\u00fcndigen, in solidarischer Beziehung zu den Armen und Ausgegrenzten, und wenn wir uns bem\u00fchen, sie zu inkulturieren\u201c); Leitung und Animation (\u201eDiese Zeit trifft uns an bei den ersten Schritten zu einer gemeinschaftlichen Reorganisation im S\u00fcdteil Lateinamerikas\u201c).<br \/>\nWir wollen neue Quellen f\u00fcr Berufungen bearbeiten, uns entschiedener f\u00fcr die Sache von Gerechtigkeit, Frieden und Bewahrung der Sch\u00f6pfung einsetzen, der Bibelpastoral f\u00fcr das Volk den Vorrang einr\u00e4umen.<\/p>\n","protected":false},"excerpt":{"rendered":"<p>P. Josep Abella hatte vom 13. bis 15. September den Vorsitz bei der Delegationsversammlung, an der 30 Claretiner teilnahmen sowie zehn Laien, mit denen wir gemeinsam missionarisch wirken. Der Vorsitzende der chilenischen Bischofskonferenz, Bischof Alejandro Goic, hielt einen einf\u00fchrenden Vortrag, der mithalf, unsere Auswertung und Planung einzuordnen. Die Anwesenheit von zehn Laien, die Bereiche in [&hellip;]<\/p>\n","protected":false},"author":1,"featured_media":0,"comment_status":"closed","ping_status":"closed","sticky":false,"template":"","format":"standard","meta":{"_et_pb_use_builder":"","_et_pb_old_content":"","_et_gb_content_width":"","footnotes":""},"categories":[531,258,392],"tags":[],"class_list":["post-60033","post","type-post","status-publish","format-standard","hentry","category-claretinerfamilie","category-jpic-de","category-san-jose-del-sur-de"],"jetpack_featured_media_url":"","jetpack_sharing_enabled":true,"jetpack_shortlink":"https:\/\/wp.me\/pdaBmi-fCh","jetpack_likes_enabled":true,"_links":{"self":[{"href":"https:\/\/www.claret.org\/de\/wp-json\/wp\/v2\/posts\/60033","targetHints":{"allow":["GET"]}}],"collection":[{"href":"https:\/\/www.claret.org\/de\/wp-json\/wp\/v2\/posts"}],"about":[{"href":"https:\/\/www.claret.org\/de\/wp-json\/wp\/v2\/types\/post"}],"author":[{"embeddable":true,"href":"https:\/\/www.claret.org\/de\/wp-json\/wp\/v2\/users\/1"}],"replies":[{"embeddable":true,"href":"https:\/\/www.claret.org\/de\/wp-json\/wp\/v2\/comments?post=60033"}],"version-history":[{"count":0,"href":"https:\/\/www.claret.org\/de\/wp-json\/wp\/v2\/posts\/60033\/revisions"}],"wp:attachment":[{"href":"https:\/\/www.claret.org\/de\/wp-json\/wp\/v2\/media?parent=60033"}],"wp:term":[{"taxonomy":"category","embeddable":true,"href":"https:\/\/www.claret.org\/de\/wp-json\/wp\/v2\/categories?post=60033"},{"taxonomy":"post_tag","embeddable":true,"href":"https:\/\/www.claret.org\/de\/wp-json\/wp\/v2\/tags?post=60033"}],"curies":[{"name":"wp","href":"https:\/\/api.w.org\/{rel}","templated":true}]}}