{"id":61847,"date":"2019-09-12T17:57:03","date_gmt":"2019-09-12T15:57:03","guid":{"rendered":"https:\/\/www.claret.org\/erstes-treffen-der-kunftigen-leitung-der-st-pauls-provinz\/"},"modified":"2019-09-12T17:57:03","modified_gmt":"2019-09-12T15:57:03","slug":"erstes-treffen-der-kunftigen-leitung-der-st-pauls-provinz","status":"publish","type":"post","link":"https:\/\/www.claret.org\/de\/erstes-treffen-der-kunftigen-leitung-der-st-pauls-provinz\/","title":{"rendered":"Erstes Treffen der k\u00fcnftigen Leitung der St. Pauls-Provinz"},"content":{"rendered":"<p><strong>Barcelona, Spanien. <\/strong>Die ernannte erste Provinzleitung der St. Pauls-Provinz traf sich erstmals vom 8. bis 10. September 2019 im Provinzialat der Claretiner in Barcelona, wo k\u00fcnftig auch das Provinzialat der St. Pauls-Provinz sein wird.<\/p>\n<p>In dem Bewusstsein, dass sie noch vor der Zeit sind, und einberufen vom k\u00fcnftigen Provinzial, trafen sie sich, um zu sehen, wie man sich zugunsten des anvertrauten Dienstes in diesen Monaten vor dem Beginn der neuen St.Pauls-Provinz koordinieren k\u00f6nnte. In diesen Monaten, in denen administrative und rechtliche Prozesse f\u00fcr die Bildung und Errichtung des neuen Organismus durchgef\u00fchrt werden, sollte man die Probleme voraussehen, die man angehen muss, sowie eine Methodik und Termine f\u00fcr die Zukunft festsetzen. Und all das wurde mit gr\u00f6\u00dftem Respekt f\u00fcr die gegenw\u00e4rtig bestehenden Organismen und ihre Leitungen durchgef\u00fchrt.<\/p>\n<p>Nach einer Begr\u00fc\u00dfung durch P. Ricard Costa-Juss\u00e0 und der gemeinsamen Anrufung des Heiligen Geistes und der Eucharistiefeier haben sie aller Mitglieder der neuen Provinz gedacht. Sie brachten das damit zum Ausdruck, dass sie die Liste aller Claretiner, die den neuen Organismus bilden werden, auf den Altar legten. Ebenso legten sie das Lebens- und Missionsprojekt auf, in dessen Licht sie als Claretiner unterwegs sein wollen, als S\u00f6hne des Herzens Mariens in Europa.<\/p>\n<blockquote><p><em>Im Stil und nach dem Beispiel Clarets vertrauen wir Maria, unserer Mutter und Ausbilderin, die St. Pauls-Provinz an. M\u00f6gen der Eifer des Apostels Paulus, der Claret bewegte, und unser claretinisches Charisma, das uns bindet, St\u00e4rke und Ermutigung sein, so zu leben und zu arbeiten, dass die Menschen Gott erkennen, ihn lieben, ihm dienen und ihn preisen.<\/em><\/p><\/blockquote>\n<p>P. Ricard Costa\u2010Juss\u00e0 CMF \u2013 P. Rafael G\u00f3mez CMF \u2013 Br. Josep Codina CMF \u2013 P. Raymundo Adormeo CMF \u2013 P. Renato Caprioli CMF<\/p>\n<p><img data-recalc-dims=\"1\" loading=\"lazy\" decoding=\"async\" class=\"alignnone size-full wp-image-61722\" src=\"https:\/\/i0.wp.com\/www.claret.org\/wp-content\/uploads\/2019\/09\/SP-20190910-1r-Gobierno-Prov-Encuentro-2.jpg?resize=1080%2C810&#038;ssl=1\" alt=\"\" width=\"1080\" height=\"810\" title=\"\" srcset=\"https:\/\/i0.wp.com\/www.claret.org\/wp-content\/uploads\/2019\/09\/SP-20190910-1r-Gobierno-Prov-Encuentro-2.jpg?w=4128&amp;ssl=1 4128w, https:\/\/i0.wp.com\/www.claret.org\/wp-content\/uploads\/2019\/09\/SP-20190910-1r-Gobierno-Prov-Encuentro-2.jpg?resize=300%2C225&amp;ssl=1 300w, https:\/\/i0.wp.com\/www.claret.org\/wp-content\/uploads\/2019\/09\/SP-20190910-1r-Gobierno-Prov-Encuentro-2.jpg?resize=768%2C576&amp;ssl=1 768w, https:\/\/i0.wp.com\/www.claret.org\/wp-content\/uploads\/2019\/09\/SP-20190910-1r-Gobierno-Prov-Encuentro-2.jpg?resize=1024%2C768&amp;ssl=1 1024w, https:\/\/i0.wp.com\/www.claret.org\/wp-content\/uploads\/2019\/09\/SP-20190910-1r-Gobierno-Prov-Encuentro-2.jpg?resize=1080%2C810&amp;ssl=1 1080w, https:\/\/i0.wp.com\/www.claret.org\/wp-content\/uploads\/2019\/09\/SP-20190910-1r-Gobierno-Prov-Encuentro-2.jpg?w=2160&amp;ssl=1 2160w, https:\/\/i0.wp.com\/www.claret.org\/wp-content\/uploads\/2019\/09\/SP-20190910-1r-Gobierno-Prov-Encuentro-2.jpg?w=3240&amp;ssl=1 3240w\" sizes=\"(max-width: 1080px) 100vw, 1080px\" \/><\/p>\n","protected":false},"excerpt":{"rendered":"<p>Barcelona, Spanien. Die ernannte erste Provinzleitung der St. Pauls-Provinz traf sich erstmals vom 8. bis 10. September 2019 im Provinzialat der Claretiner in Barcelona, wo k\u00fcnftig auch das Provinzialat der St. Pauls-Provinz sein wird. In dem Bewusstsein, dass sie noch vor der Zeit sind, und einberufen vom k\u00fcnftigen Provinzial, trafen sie sich, um zu sehen, [&hellip;]<\/p>\n","protected":false},"author":2,"featured_media":61731,"comment_status":"closed","ping_status":"closed","sticky":false,"template":"","format":"standard","meta":{"_et_pb_use_builder":"","_et_pb_old_content":"","_et_gb_content_width":"","footnotes":""},"categories":[283],"tags":[],"class_list":["post-61847","post","type-post","status-publish","format-standard","has-post-thumbnail","hentry","category-sanctus-paulus-de"],"jetpack_featured_media_url":"https:\/\/i0.wp.com\/www.claret.org\/wp-content\/uploads\/2019\/09\/SP-20190910-1r-Gobierno-Prov-Encuentro-1.jpg?fit=4128%2C3096&ssl=1","jetpack_sharing_enabled":true,"jetpack_shortlink":"https:\/\/wp.me\/pdaBmi-g5x","jetpack_likes_enabled":true,"_links":{"self":[{"href":"https:\/\/www.claret.org\/de\/wp-json\/wp\/v2\/posts\/61847","targetHints":{"allow":["GET"]}}],"collection":[{"href":"https:\/\/www.claret.org\/de\/wp-json\/wp\/v2\/posts"}],"about":[{"href":"https:\/\/www.claret.org\/de\/wp-json\/wp\/v2\/types\/post"}],"author":[{"embeddable":true,"href":"https:\/\/www.claret.org\/de\/wp-json\/wp\/v2\/users\/2"}],"replies":[{"embeddable":true,"href":"https:\/\/www.claret.org\/de\/wp-json\/wp\/v2\/comments?post=61847"}],"version-history":[{"count":0,"href":"https:\/\/www.claret.org\/de\/wp-json\/wp\/v2\/posts\/61847\/revisions"}],"wp:featuredmedia":[{"embeddable":true,"href":"https:\/\/www.claret.org\/de\/wp-json\/wp\/v2\/media\/61731"}],"wp:attachment":[{"href":"https:\/\/www.claret.org\/de\/wp-json\/wp\/v2\/media?parent=61847"}],"wp:term":[{"taxonomy":"category","embeddable":true,"href":"https:\/\/www.claret.org\/de\/wp-json\/wp\/v2\/categories?post=61847"},{"taxonomy":"post_tag","embeddable":true,"href":"https:\/\/www.claret.org\/de\/wp-json\/wp\/v2\/tags?post=61847"}],"curies":[{"name":"wp","href":"https:\/\/api.w.org\/{rel}","templated":true}]}}