{"id":65302,"date":"2019-10-24T07:24:05","date_gmt":"2019-10-24T05:24:05","guid":{"rendered":"https:\/\/www.claret.org\/claretinerjahr-der-countdown-beginnt\/"},"modified":"2019-10-24T07:24:05","modified_gmt":"2019-10-24T05:24:05","slug":"claretinerjahr-der-countdown-beginnt","status":"publish","type":"post","link":"https:\/\/www.claret.org\/de\/claretinerjahr-der-countdown-beginnt\/","title":{"rendered":"Claretinerjahr: Der Countdown beginnt"},"content":{"rendered":"<p><strong>Rom, Italien.<\/strong> Der Countdown f\u00fcr den Start des Projekts Claretinerjahr der Generalpr\u00e4fektur f\u00fcr die Spiritualit\u00e4t begann, als die Uhr am Donnerstag, dem 24 .Oktober, dem Hochfest des heiligen Antonius Maria Claret, Mitternacht schlug. Er begann mit dem Aufschalten der erg\u00e4nzenden Homepage und der App f\u00fcr Mobiltelefone. Die Adresse der Homepage ist  <a href=\"http:\/\/www.itercmf.org\" rel=\"nofollow noopener\" target=\"_blank\">http:\/\/www.itercmf.org<\/a><\/p>\n<p>Neben allen Materialien des Buches bietet die Homepage erg\u00e4nzende Materialien \u2013 Video- und Audiodateien, Vorschl\u00e4ge f\u00fcr Einkehrtage sowie weitere Erg\u00e4nzungen f\u00fcr das pers\u00f6nliche und gemeinschaftliche Gebet und f\u00fcr die Feier der claretinischen Feiertage. Sie erm\u00f6glicht auch den Austausch von Reflexionen, Kommentaren und Vorschl\u00e4gen. Sie ist mit einigen sozialen Netzwerken verlinkt, um die Geschwindigkeit der Kommunikation zu steigern und vor allem die Beteiligung der Claretiner. Sie enth\u00e4lt auch einen Blog, den der Generalpr\u00e4fekt f\u00fcr die Spiritualit\u00e4t und die Teams der Generalpr\u00e4fektur f\u00fcr die Spiritualit\u00e4t (das Zentrum f\u00fcr claretinische Spiritualit\u00e4t in Vic und das Schmiedefeuerzentrum in Los Negrales) leiten.<\/p>\n<p>In der Zwischenzeit sind die Materialen in Spanisch fals alle verf\u00fcgbar. Im Laufe der Zeit werden die Rubriken nach und nach mit Materialien gef\u00fcllt. Die Homepage wurde von dem gleichen Layouter gestaltet wie das Buch.<\/p>\n<p>Die deutsche Fassung des Buchs ist nahezu abgeschlossen. Im November werden die Gemeinschaften die abschlie\u00dfenden beiden Hefte f\u00fcr Dezember erhalten.<\/p>\n<p><img data-recalc-dims=\"1\" loading=\"lazy\" decoding=\"async\" class=\"alignleft wp-image-65252 \" src=\"https:\/\/i0.wp.com\/www.claret.org\/wp-content\/uploads\/2019\/10\/Screenshot_20191024_071823_com.claretiano.anoclaretiano.jpg?resize=252%2C522&#038;ssl=1\" alt=\"\" width=\"252\" height=\"522\" title=\"\" srcset=\"https:\/\/i0.wp.com\/www.claret.org\/wp-content\/uploads\/2019\/10\/Screenshot_20191024_071823_com.claretiano.anoclaretiano.jpg?resize=494%2C1024&amp;ssl=1 494w, https:\/\/i0.wp.com\/www.claret.org\/wp-content\/uploads\/2019\/10\/Screenshot_20191024_071823_com.claretiano.anoclaretiano.jpg?resize=145%2C300&amp;ssl=1 145w, https:\/\/i0.wp.com\/www.claret.org\/wp-content\/uploads\/2019\/10\/Screenshot_20191024_071823_com.claretiano.anoclaretiano.jpg?resize=768%2C1593&amp;ssl=1 768w, https:\/\/i0.wp.com\/www.claret.org\/wp-content\/uploads\/2019\/10\/Screenshot_20191024_071823_com.claretiano.anoclaretiano.jpg?w=1080&amp;ssl=1 1080w\" sizes=\"(max-width: 252px) 100vw, 252px\" \/>A mobile app is also available for the techy Claretians and for those who are always in the field, in the missions, on the go. Although the contents are plainly for the members of the Congregation, one may take advantage of reading the itinerary of Claret and the history of the Congregation available each day. You can find the link to the app at the bottom of the website or simply search for A\u00f1o Claretiano in Play Store and App Store. The app is designed by Diego Magrin of the <em>Claretiano <\/em><em><span class=\"_5yl5\">Rede de Educa\u00e7\u00e3o<\/span><\/em>, the Claretian University owned by the Claretian Province of Brasil. For the meantime, the app is available in Spanish and partly available in English. Other languages will be added soon.<\/p>\n<p>Claretian Year project will start on January 1, 2020. The rite for the handling of the book to each professed member of the Congregation is already available on the &#8222;Other Materials&#8220; section of the said website.<\/p>\n<p>&nbsp;<\/p>\n<p>&nbsp;<\/p>\n","protected":false},"excerpt":{"rendered":"<p>Rom, Italien. Der Countdown f\u00fcr den Start des Projekts Claretinerjahr der Generalpr\u00e4fektur f\u00fcr die Spiritualit\u00e4t begann, als die Uhr am Donnerstag, dem 24 .Oktober, dem Hochfest des heiligen Antonius Maria Claret, Mitternacht schlug. Er begann mit dem Aufschalten der erg\u00e4nzenden Homepage und der App f\u00fcr Mobiltelefone. Die Adresse der Homepage ist http:\/\/www.itercmf.org Neben allen Materialien [&hellip;]<\/p>\n","protected":false},"author":2,"featured_media":65260,"comment_status":"closed","ping_status":"closed","sticky":false,"template":"","format":"standard","meta":{"_et_pb_use_builder":"","_et_pb_old_content":"","_et_gb_content_width":"","footnotes":""},"categories":[520,536,616],"tags":[],"class_list":["post-65302","post","type-post","status-publish","format-standard","has-post-thumbnail","hentry","category-generalgouvernement","category-kongregation","category-spiritualita"],"jetpack_featured_media_url":"https:\/\/i0.wp.com\/www.claret.org\/wp-content\/uploads\/2019\/10\/Screenshot-2019-10-18-23.33.39-1.png?fit=1900%2C916&ssl=1","jetpack_sharing_enabled":true,"jetpack_shortlink":"https:\/\/wp.me\/pdaBmi-gZg","jetpack_likes_enabled":true,"_links":{"self":[{"href":"https:\/\/www.claret.org\/de\/wp-json\/wp\/v2\/posts\/65302","targetHints":{"allow":["GET"]}}],"collection":[{"href":"https:\/\/www.claret.org\/de\/wp-json\/wp\/v2\/posts"}],"about":[{"href":"https:\/\/www.claret.org\/de\/wp-json\/wp\/v2\/types\/post"}],"author":[{"embeddable":true,"href":"https:\/\/www.claret.org\/de\/wp-json\/wp\/v2\/users\/2"}],"replies":[{"embeddable":true,"href":"https:\/\/www.claret.org\/de\/wp-json\/wp\/v2\/comments?post=65302"}],"version-history":[{"count":0,"href":"https:\/\/www.claret.org\/de\/wp-json\/wp\/v2\/posts\/65302\/revisions"}],"wp:featuredmedia":[{"embeddable":true,"href":"https:\/\/www.claret.org\/de\/wp-json\/wp\/v2\/media\/65260"}],"wp:attachment":[{"href":"https:\/\/www.claret.org\/de\/wp-json\/wp\/v2\/media?parent=65302"}],"wp:term":[{"taxonomy":"category","embeddable":true,"href":"https:\/\/www.claret.org\/de\/wp-json\/wp\/v2\/categories?post=65302"},{"taxonomy":"post_tag","embeddable":true,"href":"https:\/\/www.claret.org\/de\/wp-json\/wp\/v2\/tags?post=65302"}],"curies":[{"name":"wp","href":"https:\/\/api.w.org\/{rel}","templated":true}]}}