{"id":67408,"date":"2019-11-18T08:28:32","date_gmt":"2019-11-18T07:28:32","guid":{"rendered":"https:\/\/www.claret.org\/seminar-ueber-christus-vivit\/"},"modified":"2019-11-18T08:28:32","modified_gmt":"2019-11-18T07:28:32","slug":"seminar-ueber-christus-vivit","status":"publish","type":"post","link":"https:\/\/www.claret.org\/de\/seminar-ueber-christus-vivit\/","title":{"rendered":"Seminar \u00fcber \u201eChristus vivit\u201c"},"content":{"rendered":"<p><strong>Bangalore, Indien.<\/strong> Das Institut f\u00fcr das Ordensleben Sanyasa veranstaltete am 9. und 10. November 2019 ein zweit\u00e4giges Seminar zum Thema <em>\u201eOrdensleute im Dienst der Jugend: Reflexionen \u00fcber das Apostolische Schreiben Christus vivit von Papst Franziskus.<\/em><\/p>\n<p>Das Seminar begann feierlich mit dem Lesen des Wortes Gottes, dem Entz\u00fcnden der Lampe und einem Gebetstanz der Studenten des Instituts f\u00fcr das Ordensleben. Dann hie\u00df der Direktor des Instituts P. Arul Jesu Robin CMF alle herzlich willkommen. P. Jacob Arakkal CMF, der Pr\u00e4sident des Instituts f\u00fcr das Ordensleben und Provinzial der Provinz Bangalore hielt dann die Er\u00f6ffnungsansprache, in der er die Wichtigkeit der Jugendarbeit im missionarischen Auftrag der Ordensleute betonte. Etwa zweihundert Ordensleuten einschlie\u00dflich Noviz(inn)en von benachbarten Gemeinschaften zogen einen gro\u00dfen Nutzen aus dem Seminar.<\/p>\n<p>Angesehene Ordensleute hielten aus verschiedenen Perspektiven Referate \u00fcber das Apostolische Schreiben <em>Christus vivit. <\/em>Insgesamt waren es sechs Referate und zwei Podiumsgespr\u00e4che. Am ersten Tag des Treffens hielt P. George Panthalanickal CMF einen wunderbaren Vortrag \u00fcber <em>\u201eBiblische und kirchliche Darstellung der Jugend und ihre Bedeutung f\u00fcr Ordensleute\u201c.<\/em> Das zweite Referat ging \u00fcber <em>\u201eDie Jugend von heute \u2013 die Ordensleute von morgen\u201c<\/em> von P. George Kannanthanam CMF. Am Nachmittag gab die fr\u00fchere Generaloberin der Franziskanerinnen vom heiligen Josef Sr.Michael Rita Denkanst\u00f6\u00dfe \u00fcber <em>\u201eDie Botschaft von Papst Franziskus an die Jugend und ihre Relevanz f\u00fcr die Ordensleute\u201c.<\/em> Die letzte Sitzung war ein Podiumsgespr\u00e4ch mit einem lebhaften Podium einschlie\u00dflich Mr. Paul von der Jesusjugend.<\/p>\n<p>Wie am ersten Tag gab es auch am zweiten drei Vortr\u00e4ge und ein Podiumsgespr\u00e4ch. Das erste Referat ging \u00fcber <em>\u201eEin Aufruf an die Ordensleute zur Umgestaltung im Licht des Evangeliums\u201c<\/em>; gehalten wurde er von dem angesehenen Theologen P. Xavier Manavath CMF, dem Vikar f\u00fcr die Ordensleute in der Erzdi\u00f6zese Bangalore. Dann forderte P. Sivy Koroth SDB, ein Fachmann in Jugendarbeit, die Teilnehmer heraus mit seinem Vortrag \u00fcber <em>\u201eJugendarbeit \u2013 ein k\u00fchner Ruf an die Ordensleute\u201c.<\/em> Das letzte Referat des Seminars ging \u00fcber <em>\u201eOrdensleute im Dienst der Jugend zur Entscheidungsfindung\u201c<\/em> von Professorin Sr. Smitha Gabriel. Dann gab es ein Podiumsgespr\u00e4ch, das durch die leidenschaftlichen Beitr\u00e4ge von Mr. Dino von der Jesusjugend bereichert wurde.<\/p>\n<p>In der Tat sch\u00e4tzten die Teilnehmer das Seminar sehr, das sie instand setzte, mit dem j\u00fcngsten kirchlichen Dokument <em>Christus vivit<\/em> vertraut zu werden, einer Spritze f\u00fcr den Dienst der Ordensleute an den jungen Menschen.<\/p>\n<p>&nbsp;<\/p>\n<p>[envira-gallery id=&#8220;67275&#8243;]<\/p>\n","protected":false},"excerpt":{"rendered":"<p>Bangalore, Indien. Das Institut f\u00fcr das Ordensleben Sanyasa veranstaltete am 9. und 10. November 2019 ein zweit\u00e4giges Seminar zum Thema \u201eOrdensleute im Dienst der Jugend: Reflexionen \u00fcber das Apostolische Schreiben Christus vivit von Papst Franziskus. Das Seminar begann feierlich mit dem Lesen des Wortes Gottes, dem Entz\u00fcnden der Lampe und einem Gebetstanz der Studenten des [&hellip;]<\/p>\n","protected":false},"author":2,"featured_media":67284,"comment_status":"closed","ping_status":"closed","sticky":false,"template":"","format":"standard","meta":{"_et_pb_use_builder":"","_et_pb_old_content":"","_et_gb_content_width":"","footnotes":""},"categories":[420],"tags":[],"class_list":["post-67408","post","type-post","status-publish","format-standard","has-post-thumbnail","hentry","category-geweihtes-leben"],"jetpack_featured_media_url":"https:\/\/i0.wp.com\/www.claret.org\/wp-content\/uploads\/2019\/11\/ICL-20191110-ICL-Seminar-on-Christus-Vivit-2.jpg?fit=2560%2C1702&ssl=1","jetpack_sharing_enabled":true,"jetpack_shortlink":"https:\/\/wp.me\/pdaBmi-hxe","jetpack_likes_enabled":true,"_links":{"self":[{"href":"https:\/\/www.claret.org\/de\/wp-json\/wp\/v2\/posts\/67408","targetHints":{"allow":["GET"]}}],"collection":[{"href":"https:\/\/www.claret.org\/de\/wp-json\/wp\/v2\/posts"}],"about":[{"href":"https:\/\/www.claret.org\/de\/wp-json\/wp\/v2\/types\/post"}],"author":[{"embeddable":true,"href":"https:\/\/www.claret.org\/de\/wp-json\/wp\/v2\/users\/2"}],"replies":[{"embeddable":true,"href":"https:\/\/www.claret.org\/de\/wp-json\/wp\/v2\/comments?post=67408"}],"version-history":[{"count":0,"href":"https:\/\/www.claret.org\/de\/wp-json\/wp\/v2\/posts\/67408\/revisions"}],"wp:featuredmedia":[{"embeddable":true,"href":"https:\/\/www.claret.org\/de\/wp-json\/wp\/v2\/media\/67284"}],"wp:attachment":[{"href":"https:\/\/www.claret.org\/de\/wp-json\/wp\/v2\/media?parent=67408"}],"wp:term":[{"taxonomy":"category","embeddable":true,"href":"https:\/\/www.claret.org\/de\/wp-json\/wp\/v2\/categories?post=67408"},{"taxonomy":"post_tag","embeddable":true,"href":"https:\/\/www.claret.org\/de\/wp-json\/wp\/v2\/tags?post=67408"}],"curies":[{"name":"wp","href":"https:\/\/api.w.org\/{rel}","templated":true}]}}