{"id":7502,"date":"2018-03-03T06:54:31","date_gmt":"2018-03-03T05:54:31","guid":{"rendered":"https:\/\/www.claret.org\/behinderte-befahigen\/"},"modified":"2018-03-03T06:54:31","modified_gmt":"2018-03-03T05:54:31","slug":"behinderte-befahigen","status":"publish","type":"post","link":"https:\/\/www.claret.org\/de\/behinderte-befahigen\/","title":{"rendered":"Behinderte bef\u00e4higen"},"content":{"rendered":"<p><strong>Vavuniya, Sri Lanka.<\/strong> K\u00fcrzlich besuchte die Behindertensport- und Freizeitgruppe aus Australien VAROD (Rehabilitationsorganisation f\u00fcr Behinderte). W\u00e4hrend des Besuchs gab es eine gute Interaktion zwischen dem besuchenden Team (13 Mitglieder) und den Nutznie\u00dfern von VAROD. Zum Tagesprogramm geh\u00f6rte ein Basketballspiel, die Verteilung von zwanzig Rollst\u00fchlen an Nutznie\u00dfer von VAROD, Verleihung von Unterst\u00fctzung zum Lebensunterhalt an einige Nutznie\u00dfer und die Freude an den k\u00f6stlichen srilankischen Speisen.<\/p>\n<p>VAROD ist ein Dienst der Claretiner der abh\u00e4ngigen Delegation Sri Lanka.<\/p>\n<p>&nbsp;<\/p>\n<div class=\"et_pb_slider et_pb_slider_fullwidth_off et_pb_gallery_post_type\">\n\t\t\t\t<div class=\"et_pb_slides\">\n\t\t\t\t\t<div class=\"et_pb_slide\" style=\"background: url(https:\/\/www.claret.org\/wp-content\/uploads\/2018\/03\/DSC_4207.jpg);\"><\/div><div class=\"et_pb_slide\" style=\"background: url(https:\/\/www.claret.org\/wp-content\/uploads\/2018\/03\/DSC_4259.jpg);\"><\/div><div class=\"et_pb_slide\" style=\"background: url(https:\/\/www.claret.org\/wp-content\/uploads\/2018\/03\/DSC_4611.jpg);\"><\/div><div class=\"et_pb_slide\" style=\"background: url(https:\/\/www.claret.org\/wp-content\/uploads\/2018\/03\/DSC_4713.jpg);\"><\/div><div class=\"et_pb_slide\" style=\"background: url(https:\/\/www.claret.org\/wp-content\/uploads\/2018\/03\/DSC_5239.jpg);\"><\/div>\n\t\t\t\t<\/div>\n\t\t\t<\/div>\n","protected":false},"excerpt":{"rendered":"<p>Vavuniya, Sri Lanka. K\u00fcrzlich besuchte die Behindertensport- und Freizeitgruppe aus Australien VAROD (Rehabilitationsorganisation f\u00fcr Behinderte). W\u00e4hrend des Besuchs gab es eine gute Interaktion zwischen dem besuchenden Team (13 Mitglieder) und den Nutznie\u00dfern von VAROD. Zum Tagesprogramm geh\u00f6rte ein Basketballspiel, die Verteilung von zwanzig Rollst\u00fchlen an Nutznie\u00dfer von VAROD, Verleihung von Unterst\u00fctzung zum Lebensunterhalt an einige [&hellip;]<\/p>\n","protected":false},"author":1,"featured_media":6982,"comment_status":"closed","ping_status":"closed","sticky":false,"template":"","format":"standard","meta":{"_et_pb_use_builder":"","_et_pb_old_content":"","_et_gb_content_width":"","footnotes":""},"categories":[219,428,245],"tags":[],"class_list":["post-7502","post","type-post","status-publish","format-standard","has-post-thumbnail","hentry","category-asien-west","category-seelsorge-fur-die-gesundheit","category-st-joseph-vaz-de"],"jetpack_featured_media_url":"https:\/\/i0.wp.com\/www.claret.org\/wp-content\/uploads\/2018\/03\/DSC_4713.jpg?fit=6000%2C4000&ssl=1","jetpack_sharing_enabled":true,"jetpack_shortlink":"https:\/\/wp.me\/pdaBmi-1X0","jetpack_likes_enabled":true,"_links":{"self":[{"href":"https:\/\/www.claret.org\/de\/wp-json\/wp\/v2\/posts\/7502","targetHints":{"allow":["GET"]}}],"collection":[{"href":"https:\/\/www.claret.org\/de\/wp-json\/wp\/v2\/posts"}],"about":[{"href":"https:\/\/www.claret.org\/de\/wp-json\/wp\/v2\/types\/post"}],"author":[{"embeddable":true,"href":"https:\/\/www.claret.org\/de\/wp-json\/wp\/v2\/users\/1"}],"replies":[{"embeddable":true,"href":"https:\/\/www.claret.org\/de\/wp-json\/wp\/v2\/comments?post=7502"}],"version-history":[{"count":0,"href":"https:\/\/www.claret.org\/de\/wp-json\/wp\/v2\/posts\/7502\/revisions"}],"wp:featuredmedia":[{"embeddable":true,"href":"https:\/\/www.claret.org\/de\/wp-json\/wp\/v2\/media\/6982"}],"wp:attachment":[{"href":"https:\/\/www.claret.org\/de\/wp-json\/wp\/v2\/media?parent=7502"}],"wp:term":[{"taxonomy":"category","embeddable":true,"href":"https:\/\/www.claret.org\/de\/wp-json\/wp\/v2\/categories?post=7502"},{"taxonomy":"post_tag","embeddable":true,"href":"https:\/\/www.claret.org\/de\/wp-json\/wp\/v2\/tags?post=7502"}],"curies":[{"name":"wp","href":"https:\/\/api.w.org\/{rel}","templated":true}]}}