{"id":84609,"date":"2020-07-20T19:40:47","date_gmt":"2020-07-20T17:40:47","guid":{"rendered":"https:\/\/www.claret.org\/ende-der-online-exerzitien\/"},"modified":"2020-07-21T17:21:08","modified_gmt":"2020-07-21T15:21:08","slug":"ende-der-online-exerzitien","status":"publish","type":"post","link":"https:\/\/www.claret.org\/de\/ende-der-online-exerzitien\/","title":{"rendered":"Ende der Online-Exerzitien"},"content":{"rendered":"<p><strong>Rom, Italien.<\/strong> Am Samstag, dem 18. Juli 2020 endeten die Online-Exerzitien, die von P. Gonzalo Fern\u00e1ndez (Generalpr\u00e4fekt f\u00fcr die Spiritualit\u00e4t) und P. Carlos S\u00e1nchez (Direktor des Zentrums f\u00fcr claretinische Spiritualit\u00e4t in Vic) geleitet und technisch von P. Louie Guades III unterst\u00fctzt wurden. Zum Abschluss gab es eine Zoom-Videokonferenz, an der 100 Personen teilnahmen (erlaubte H\u00f6chstzahl). Mehrere sprachen \u00fcber ihre Erfahrung.<\/p>\n<p>Eine Woche lang machten \u00fcber 400 Personen aus den verschiedenen Zweigen der claretinischen Familie und aus verschiedenen L\u00e4ndern in Europa (vor allem Spanien) und Lateinamerika (besonders Kolumbien und Mexiko) einen geistlichen Weg auf der Grundlage der f\u00fcnf Grundbeziehungen, die uns zu Menschen machen): zu sich selbst, zu Anderen, zur Welt (verstanden als Natur, Gesellschaft und Cyberspace), zur Zeit und zum Geheimnis Gottes).<\/p>\n<p>Gelebt \u201emit dem Geist\u201c (der allgemeine Titel der Exerzitien), werden diese Beziehungen zu Lebensbeziehungen umgestaltet. Die Beziehung zu sich selbst wird nicht im Sinn von Narzissmus oder Subjektivismus gelebt, sondern des Sohnseins. Als Kinder Gottes leben ist unsere tiefste Identit\u00e4t. Andere Menschen sind nicht fremde Wesen, Konkurrenten oder Feinde. Jesus ruft uns auf, als Br\u00fcder und Schwestern zu leben. Die Welt ist nicht ein Ort zum Ausbeuten. Unsere Berufung ist es, als Menschen zu leben, die sich um das gemeinsame Haus k\u00fcmmern. Die Zeit ist nicht eine Reise von der Geburt zum Tod, sondern eine Wallfahrt zum Haus des Vaters. Christen sind nicht nur berufen zu genie\u00dfen, sondern als Pilger zu leben. Schlie\u00dflich ist unsere Offenheit f\u00fcr das Geheimnis Gottes eine Einladung, als anbetende Menschen zu leben. Jedes von diesen Themen wurde aus einer anthropologischen und geistlichen Perspektive angegangen (am Vormittag) und aus der claretinischen Perspektive (am Nachmittag). Jeder Tag wurde mit einer Gebetszeit beschlossen.<\/p>\n<p>Die Videos alle Betrachtungen und Gebete stehen auf folgender Internetseite zur Verf\u00fcgung: <a href=\"https:\/\/www.claret.org\/resources\/videos\/\" target=\"_blank\" rel=\"noopener noreferrer\">https:\/\/www.claret.org\/es\/noticias-media\/videos\/<\/a> oder auf dem YouTube-Kanal: <a href=\"https:\/\/www.youtube.com\/c\/iClaret\" target=\"_blank\" rel=\"noopener noreferrer nofollow\">https:\/\/www.youtube.com\/c\/iClaret<\/a><\/p>\n<p>Die Teilnehmer waren dankbar f\u00fcr die gelebte Erfahrung, unterstrichen die Bedeutung davon, dass sie als claretinische Familie unterwegs waren in diesem Jahr des 150. Todestags Clarets und schlugen vor, \u00e4hnliche Initiativen weiter zu pflegen, den den Sinn einer charismatischen Familie st\u00e4rken und unser reiches geistliches Erbe mehr Menschen zur Verf\u00fcgung stellen w\u00fcrden \u2013 und dazu die M\u00f6glichkeiten zu gebrauchen, die das Internet bietet.<\/p>\n<p>&nbsp;<\/p>\n<p>[envira-gallery id=&#8220;84456&#8243;]<\/p>\n","protected":false},"excerpt":{"rendered":"<p>Rom, Italien. Am Samstag, dem 18. Juli 2020 endeten die Online-Exerzitien, die von P. Gonzalo Fern\u00e1ndez (Generalpr\u00e4fekt f\u00fcr die Spiritualit\u00e4t) und P. Carlos S\u00e1nchez (Direktor des Zentrums f\u00fcr claretinische Spiritualit\u00e4t in Vic) geleitet und technisch von P. Louie Guades III unterst\u00fctzt wurden. Zum Abschluss gab es eine Zoom-Videokonferenz, an der 100 Personen teilnahmen (erlaubte H\u00f6chstzahl). [&hellip;]<\/p>\n","protected":false},"author":2,"featured_media":84447,"comment_status":"closed","ping_status":"closed","sticky":false,"template":"","format":"standard","meta":{"_et_pb_use_builder":"","_et_pb_old_content":"","_et_gb_content_width":"","footnotes":""},"categories":[616],"tags":[],"class_list":["post-84609","post","type-post","status-publish","format-standard","has-post-thumbnail","hentry","category-spiritualita"],"jetpack_featured_media_url":"https:\/\/i0.wp.com\/www.claret.org\/wp-content\/uploads\/2020\/07\/Screenshot-2020-07-18-17.20.15.png?fit=1487%2C851&ssl=1","jetpack_sharing_enabled":true,"jetpack_shortlink":"https:\/\/wp.me\/pdaBmi-m0F","jetpack_likes_enabled":true,"_links":{"self":[{"href":"https:\/\/www.claret.org\/de\/wp-json\/wp\/v2\/posts\/84609","targetHints":{"allow":["GET"]}}],"collection":[{"href":"https:\/\/www.claret.org\/de\/wp-json\/wp\/v2\/posts"}],"about":[{"href":"https:\/\/www.claret.org\/de\/wp-json\/wp\/v2\/types\/post"}],"author":[{"embeddable":true,"href":"https:\/\/www.claret.org\/de\/wp-json\/wp\/v2\/users\/2"}],"replies":[{"embeddable":true,"href":"https:\/\/www.claret.org\/de\/wp-json\/wp\/v2\/comments?post=84609"}],"version-history":[{"count":0,"href":"https:\/\/www.claret.org\/de\/wp-json\/wp\/v2\/posts\/84609\/revisions"}],"wp:featuredmedia":[{"embeddable":true,"href":"https:\/\/www.claret.org\/de\/wp-json\/wp\/v2\/media\/84447"}],"wp:attachment":[{"href":"https:\/\/www.claret.org\/de\/wp-json\/wp\/v2\/media?parent=84609"}],"wp:term":[{"taxonomy":"category","embeddable":true,"href":"https:\/\/www.claret.org\/de\/wp-json\/wp\/v2\/categories?post=84609"},{"taxonomy":"post_tag","embeddable":true,"href":"https:\/\/www.claret.org\/de\/wp-json\/wp\/v2\/tags?post=84609"}],"curies":[{"name":"wp","href":"https:\/\/api.w.org\/{rel}","templated":true}]}}