{"id":85548,"date":"2020-08-08T15:55:50","date_gmt":"2020-08-08T13:55:50","guid":{"rendered":"https:\/\/www.claret.org\/bischo-pedro-casaldaliga-ein-barfuss-auf-roter-erde-jetzt-barfuss-vor-seinem-schoepfer\/"},"modified":"2020-08-10T08:30:28","modified_gmt":"2020-08-10T06:30:28","slug":"bischo-pedro-casaldaliga-ein-barfuss-auf-roter-erde-jetzt-barfuss-vor-seinem-schoepfer","status":"publish","type":"post","link":"https:\/\/www.claret.org\/de\/bischo-pedro-casaldaliga-ein-barfuss-auf-roter-erde-jetzt-barfuss-vor-seinem-schoepfer\/","title":{"rendered":"Bischo Pedro Casald\u00e1liga, einst barfu\u00df auf roter Erde, jetzt barfu\u00df vor seinem Sch\u00f6pfer"},"content":{"rendered":"<p><strong>Batatais, Brasilien. <\/strong>Bischof Pedro Casald\u00e1liga CMF, der in seinem Kampf f\u00fcr die Armen und die einheimischen Gemeinschaften der Milit\u00e4rdiktatur, den m\u00e4chtigen Gro\u00dfgrundbesitzern und sogar dem Vatikan gegen\u00fcberstand, steht nun vor seinem Sch\u00f6pfer, der ihm das Leben geschenkt hat. Heute am 8. August 2020 um 9.40 Uhr trat er, der ein \u201ebarfu\u00df auf roter Erde\u201c war, nun \u201ebarfu\u00df in das Haus des Vaters\u201c. Es ist Zeit, sein Herz zu \u00f6ffnen, das voll ist mit Namen von Menschen, denen er begegnete, denen er diente, mit denen er lebte, die er liebte.<span class=\"tlid-translation translation\" lang=\"en\"><br \/>\n<\/span><\/p>\n<p>Pere Casald\u00e0liga i Pla (<em>so sein Name auf Katalanisch<\/em>), geboren am 16. Februar 1928 in Balsareny (Katalonien, Spanien), trat bei den Claretinern ein, legte seine Profess am 8. September 1945 ab und wurde am 31. Mai 1952 in Barcelona zum Priester geweiht. 1968 kam er als Missionar nach Brasilien. Am 27. April 1970 ernannte ihn Papst Paul VI. zum Apostolischen Administrator der Territorialpr\u00e4latur S\u00e3o F\u00e9lix, und im folgenden Jahr ernannte ihn derselbe Papst am 27. August 1971 zum Pr\u00e4laten dieses Jurisdiktionsbezirks und Titularbischof von Altava.<\/p>\n<p>Bischof Pedro ist einer der bekanntesten Praktiker der Befreiungstheologie. Er hat zahlreiche Auszeichnungen erhalten einschlie\u00dflich des Internationalen Preises von Katalonien im Jahr 2006. Er ist gut bekannt f\u00fcr seine Arbeit zur Unterst\u00fctzung von einheimischen V\u00f6lkern. Er hat mindestens zehn Gedichtb\u00e4nde ver\u00f6ffentlicht. Papst Franziskus zitierte in seinem nachsynodalen Apostolischen Schreiben Querida Amazonia vom 12. Februar 2020 aus Bischof Pedros Gedicht <em>\u201eCarta de navegar (Por el Tocantins amaz\u00f3nico)\u201c <\/em>in<em> El tiempo y la espera<\/em>, Santander 1986.<\/p>\n<p>Bischof Pedro litt seit mindestens 2012 an der Parkinsonkrankheit. Als er vor zwei Tagen in das Krankenhaus in Batatais gebracht wurde, sagten die \u00c4rzte, er habe abgesehen von einer fortgeschrittenen Parkinsonkrankheit Wasser und eine schwere Infektion in beiden Lungenfl\u00fcgeln, was zu weiteren Komplikationen beim Atmen und gro\u00dfen Schwierigkeiten beim Sprechen f\u00fchrte.<\/p>\n<p>Die Totenwache findet an drei Orten statt: Batatais, Ribeir\u00e3o Cascalheira, S\u00e3o F\u00e9lix do Araguaia. Sein Leichnam wird am 8. August 2020 von 15 Uhr an in der Kapelle der Claretiner-Universit\u00e4t Batatais aufgebahrt. Das Requiem wird am 9. August 2020 um 15 Uhr am gleichen Ort gefeiert und steht der \u00d6ffentlichkeit offen. Es wird auch live \u00fcbertragen \u00fcber CLARETIANO TV (<a href=\"https:\/\/youtu.be\/spto8rbKye0\" target=\"_blank\" rel=\"noopener noreferrer nofollow\">https:\/\/youtu.be\/spto8rbKye0<\/a>). Der Link erlaubt auch anderen Medieneinrichtungen die \u00dcbertragung.<\/p>\n<p>Der Leichnam des Bischofs wird von 10. August an auch im Martyrerseminar in Ribeir\u00e3o Cascalheira aufgebahrt, wobei die Ankunftszeit nicht angegeben werden kann. Und in S\u00e3o F\u00e9lix do Araguaia wird der Leichnam im Gemeindezentrum T\u00eda Irene aufgebahrt. Die Beerdigung ist in S\u00e3o F\u00e9lix do Araguaia.<\/p>\n","protected":false},"excerpt":{"rendered":"<p>Batatais, Brasilien. Bischof Pedro Casald\u00e1liga CMF, der in seinem Kampf f\u00fcr die Armen und die einheimischen Gemeinschaften der Milit\u00e4rdiktatur, den m\u00e4chtigen Gro\u00dfgrundbesitzern und sogar dem Vatikan gegen\u00fcberstand, steht nun vor seinem Sch\u00f6pfer, der ihm das Leben geschenkt hat. Heute am 8. August 2020 um 9.40 Uhr trat er, der ein \u201ebarfu\u00df auf roter Erde\u201c war, [&hellip;]<\/p>\n","protected":false},"author":2,"featured_media":85346,"comment_status":"closed","ping_status":"closed","sticky":false,"template":"","format":"standard","meta":{"_et_pb_use_builder":"","_et_pb_old_content":"","_et_gb_content_width":"","footnotes":""},"categories":[565],"tags":[],"class_list":["post-85548","post","type-post","status-publish","format-standard","has-post-thumbnail","hentry","category-kardinale-und-bischofe"],"jetpack_featured_media_url":"https:\/\/i0.wp.com\/www.claret.org\/wp-content\/uploads\/2020\/08\/Pedro-Casaldaliga.jpg?fit=960%2C640&ssl=1","jetpack_sharing_enabled":true,"jetpack_shortlink":"https:\/\/wp.me\/pdaBmi-mfO","jetpack_likes_enabled":true,"_links":{"self":[{"href":"https:\/\/www.claret.org\/de\/wp-json\/wp\/v2\/posts\/85548","targetHints":{"allow":["GET"]}}],"collection":[{"href":"https:\/\/www.claret.org\/de\/wp-json\/wp\/v2\/posts"}],"about":[{"href":"https:\/\/www.claret.org\/de\/wp-json\/wp\/v2\/types\/post"}],"author":[{"embeddable":true,"href":"https:\/\/www.claret.org\/de\/wp-json\/wp\/v2\/users\/2"}],"replies":[{"embeddable":true,"href":"https:\/\/www.claret.org\/de\/wp-json\/wp\/v2\/comments?post=85548"}],"version-history":[{"count":0,"href":"https:\/\/www.claret.org\/de\/wp-json\/wp\/v2\/posts\/85548\/revisions"}],"wp:featuredmedia":[{"embeddable":true,"href":"https:\/\/www.claret.org\/de\/wp-json\/wp\/v2\/media\/85346"}],"wp:attachment":[{"href":"https:\/\/www.claret.org\/de\/wp-json\/wp\/v2\/media?parent=85548"}],"wp:term":[{"taxonomy":"category","embeddable":true,"href":"https:\/\/www.claret.org\/de\/wp-json\/wp\/v2\/categories?post=85548"},{"taxonomy":"post_tag","embeddable":true,"href":"https:\/\/www.claret.org\/de\/wp-json\/wp\/v2\/tags?post=85548"}],"curies":[{"name":"wp","href":"https:\/\/api.w.org\/{rel}","templated":true}]}}