{"id":88566,"date":"2020-09-06T00:48:20","date_gmt":"2020-09-05T22:48:20","guid":{"rendered":"https:\/\/www.claret.org\/die-claretinergemeinschaft-haus-und-schule-der-verbundenheit\/"},"modified":"2020-09-06T09:57:22","modified_gmt":"2020-09-06T07:57:22","slug":"die-claretinergemeinschaft-haus-und-schule-der-verbundenheit","status":"publish","type":"post","link":"https:\/\/www.claret.org\/de\/die-claretinergemeinschaft-haus-und-schule-der-verbundenheit\/","title":{"rendered":"Die Claretinergemeinschaft: Haus und Schule der Verbundenheit"},"content":{"rendered":"<p><strong>Rom, Italien.<\/strong> Die \u201egemeinschaftliche\u201c Natur unserer missionarischen Nachfolge Jesu ist ein Wesensbestandteil unserer Berufung. Wir sind \u201eMissionare in Gemeinschaft von Anfang an\u201c. Der \u201eStil der Apostel und der christlichen Urgemeinde\u201c ist die Form, in der wir J\u00fcnger Jesu und Verk\u00fcnder seiner Guten Nachricht in der Welt sind. Das Dokument des 25. Generalkapitels <em>Zeugen und Boten der Freude des Evangeliums<\/em> stellt das heraus, wenn es zeigt, dass die Claretiner-Missionare als S\u00f6hne und Br\u00fcder erkannt werden, die Abgesandte Gottes sind, und als S\u00f6hne Mariens \u201ein der Gemeinschaft\u201c.<\/p>\n<p>Dasselbe Kapitelsdokument zeigt, dass unsere Gemeinschaft \u201eeine Gabe des Heiligen Geistes ist, die wir annehmen und pflegen m\u00fcssen\u201c, und dass sie in ihren jetzigen Gestalt, \u201eintergenerational und interkulturell\u201c, aufgerufen ist, ein \u201eGleichnis der Zusammengeh\u00f6rigkeit, ein eschatotologisches Zeichen und ein Verk\u00fcndigungswort in der heutigen Welt\u201c zu sein. und im Kontext der Herausforderungen der Kirche, der uns dr\u00e4ngt, eine \u201eKongregation im Aufbruch\u201c zu sein, gestalten sowohl die gemeinschaftliche Entscheidungsfindung \u00fcber die Peripherien in den Gebieten, in denen wir leben, als auch die Verk\u00fcndigungsprojekte, die wir als apostolische K\u00f6rperschaft ausf\u00fchren, unsere Gemeinschaften.<\/p>\n<p>Das Kapitel wollte, dass wir auf f\u00fcnf Punkte zielen: 1) unsere Gemeinschaften so gestalten, dass sie ein <em>eschatologisches Zeichen der Einheit, des Friedens und der Vers\u00f6hnung<\/em> werden; 2) unter uns eine missionarische Gemeinschaft <em>in einem Geist des Dialogs, des Annehmens und der gegenseitigen Wertsch\u00e4tzung<\/em> aufzubauen und gemeinsam ihre Aufgaben und Dienstes herauszufinden; 3) <em>den Sinn der Zugeh\u00f6rigkeit und  die Mitverantwortung der Gemeinschaft<\/em> zu verst\u00e4rken; 4) <em>den Dienst des f\u00fcrbittenden Gebets und des Leidens <\/em>unserer \u00e4lteren, Kranken und behinderten Mitbr\u00fcder zu sch\u00e4tzen und als unerl\u00e4sslich anzunehmen; 5) <em>die kreativen Energien der j\u00fcngeren Generation<\/em> zu sch\u00e4tzen und zu integrieren.<\/p>\n<p>In diesem Kontext wurde dieses Projekt der interdisziplin\u00e4ren Reflexion f\u00fcr die Kongregation \u00fcber die Gemeinschaft mit dem Titel <em><strong>Die Claretinergemeinschaft: Haus und Schule der Verbundenheit<\/strong><\/em> vorbereitet, das der ganzen Kongregation am 8. September 2020, dem Fest Mari\u00e4 Geburt, vorgestellt wird.<\/p>\n<p>Neben seiner Absicht, eine der Auftr\u00e4ge des 25. Generalkapitels an die Generalleitung zu erf\u00fcllen, ist es das Ziel dieses Projekts, \u201ein der ganzen unter der Verantwortung der Generalleitung eine <em>interdisziplin\u00e4re Reflexion in Bezug auf das Gemmeinschaftleben<\/em> anzuregen, wie es auf allen Ebenen erfahren wird (Hausgemeinschaft, Provinz\/Delegation und weltweit).\u201c Das Projekt enth\u00e4lt zw\u00f6lf Artikel \u00fcber die Claretinergemeinschaft, deren Inspirationsquelle auf der einen Seite des Wort Gottes und die Konstitutionen sind, und auf der anderen Seite die Herausforderungen, die vom 25. Generalkapitel und den Mitgliedern der Kongregation gestellt werden.<\/p>\n<p><img data-recalc-dims=\"1\" loading=\"lazy\" decoding=\"async\" class=\"alignnone size-full wp-image-85996\" src=\"https:\/\/i0.wp.com\/www.claret.org\/wp-content\/uploads\/2018\/03\/Casitas-Araguaia-det-Mural-Catedral-SFdoA-1977.jpg?resize=1072%2C714&#038;ssl=1\" alt=\"\" width=\"1072\" height=\"714\" title=\"\" srcset=\"https:\/\/i0.wp.com\/www.claret.org\/wp-content\/uploads\/2018\/03\/Casitas-Araguaia-det-Mural-Catedral-SFdoA-1977.jpg?w=1072&amp;ssl=1 1072w, https:\/\/i0.wp.com\/www.claret.org\/wp-content\/uploads\/2018\/03\/Casitas-Araguaia-det-Mural-Catedral-SFdoA-1977.jpg?resize=300%2C200&amp;ssl=1 300w, https:\/\/i0.wp.com\/www.claret.org\/wp-content\/uploads\/2018\/03\/Casitas-Araguaia-det-Mural-Catedral-SFdoA-1977.jpg?resize=1024%2C682&amp;ssl=1 1024w, https:\/\/i0.wp.com\/www.claret.org\/wp-content\/uploads\/2018\/03\/Casitas-Araguaia-det-Mural-Catedral-SFdoA-1977.jpg?resize=768%2C512&amp;ssl=1 768w\" sizes=\"(max-width: 1072px) 100vw, 1072px\" \/><\/p>\n","protected":false},"excerpt":{"rendered":"<p>Rom, Italien. Die \u201egemeinschaftliche\u201c Natur unserer missionarischen Nachfolge Jesu ist ein Wesensbestandteil unserer Berufung. Wir sind \u201eMissionare in Gemeinschaft von Anfang an\u201c. Der \u201eStil der Apostel und der christlichen Urgemeinde\u201c ist die Form, in der wir J\u00fcnger Jesu und Verk\u00fcnder seiner Guten Nachricht in der Welt sind. Das Dokument des 25. Generalkapitels Zeugen und Boten [&hellip;]<\/p>\n","protected":false},"author":2,"featured_media":85839,"comment_status":"closed","ping_status":"closed","sticky":false,"template":"","format":"standard","meta":{"_et_pb_use_builder":"","_et_pb_old_content":"","_et_gb_content_width":"","footnotes":""},"categories":[536],"tags":[],"class_list":["post-88566","post","type-post","status-publish","format-standard","has-post-thumbnail","hentry","category-kongregation"],"jetpack_featured_media_url":"https:\/\/i0.wp.com\/www.claret.org\/wp-content\/uploads\/2020\/08\/MinoCenaEcologica-scaled.jpg?fit=2560%2C1249&ssl=1","jetpack_sharing_enabled":true,"jetpack_shortlink":"https:\/\/wp.me\/pdaBmi-n2u","jetpack_likes_enabled":true,"_links":{"self":[{"href":"https:\/\/www.claret.org\/de\/wp-json\/wp\/v2\/posts\/88566","targetHints":{"allow":["GET"]}}],"collection":[{"href":"https:\/\/www.claret.org\/de\/wp-json\/wp\/v2\/posts"}],"about":[{"href":"https:\/\/www.claret.org\/de\/wp-json\/wp\/v2\/types\/post"}],"author":[{"embeddable":true,"href":"https:\/\/www.claret.org\/de\/wp-json\/wp\/v2\/users\/2"}],"replies":[{"embeddable":true,"href":"https:\/\/www.claret.org\/de\/wp-json\/wp\/v2\/comments?post=88566"}],"version-history":[{"count":0,"href":"https:\/\/www.claret.org\/de\/wp-json\/wp\/v2\/posts\/88566\/revisions"}],"wp:featuredmedia":[{"embeddable":true,"href":"https:\/\/www.claret.org\/de\/wp-json\/wp\/v2\/media\/85839"}],"wp:attachment":[{"href":"https:\/\/www.claret.org\/de\/wp-json\/wp\/v2\/media?parent=88566"}],"wp:term":[{"taxonomy":"category","embeddable":true,"href":"https:\/\/www.claret.org\/de\/wp-json\/wp\/v2\/categories?post=88566"},{"taxonomy":"post_tag","embeddable":true,"href":"https:\/\/www.claret.org\/de\/wp-json\/wp\/v2\/tags?post=88566"}],"curies":[{"name":"wp","href":"https:\/\/api.w.org\/{rel}","templated":true}]}}