{"id":94799,"date":"2021-01-17T10:20:04","date_gmt":"2021-01-17T09:20:04","guid":{"rendered":"https:\/\/www.claret.org\/mosaik-aus-dem-claretianum-im-generalat\/"},"modified":"2021-01-17T10:20:04","modified_gmt":"2021-01-17T09:20:04","slug":"mosaik-aus-dem-claretianum-im-generalat","status":"publish","type":"post","link":"https:\/\/www.claret.org\/de\/mosaik-aus-dem-claretianum-im-generalat\/","title":{"rendered":"Mosaik aus dem Claretianum im Generalat"},"content":{"rendered":"<p><strong>Rom, Italien.<\/strong> 1959 wurde das internationale Claretinerkolleg (<em>Claretianum<\/em>) in Rom eingeweiht. Etwas sp\u00e4ter konsekrierte Kardinal Larraona den Altar der neuen Kapelle. Im Presbyterium stand stolz das gro\u00dfe Mosaik des Herzens Mariens an Pfingsten. Ein sch\u00f6nes vier Meter gro\u00dfes Bild, das zwischen zwei Wolken schwebte, die eine zu ihren F\u00fc\u00dfen, die andere ganz oben; aus dieser traten die verwundeten H\u00e4nde des Erl\u00f6sers hervor und sandten den Heiligen Geist in Form einer Taube \u00fcber Maria aus, die mit ihrer Haltung ihre Kinder umarmt, w\u00e4hrend sie die Gaben des Geistes in Form von Flammen verteilt. Das kostbare Mosaik war das Werk eines Konsortiums der Vatikanischen Mosaimanufaktur mit der Bezeichnun <em>Studio Cassio<\/em>.<\/p>\n<p>Im Jahr 2000 wurde infolge der Umwandlung eines Teils des Hauses in ein Ferienhaus (Hotel) die Kapelle renoviert und das Herz-Marien-Mosaik in handhabbare St\u00fccke verpackt, in der Hoffnung, einen geeigneten Platz f\u00fcr eine Neuaufstellung zu finden.<\/p>\n<p>Zwanzig Jahre sp\u00e4ter beschloss die Generalleitung nach einem fehlgeschlagenen Versuch, das Mosaik in der neuen Kirche von Altamura unterzubringen, es an einem w\u00fcrdigen Platz im Freien aufzustellen. So ist es vom Garten aus sichtbar und steht genau hiter dem gro\u00dfen Wandbild vom Kommen des Heiligen Geistes von P. Maximino Cerezo in der Apsis der Kapelle des Generalats. Von dort umarmt sie das Generalat und die Pfarrgemeinde und verteilt dir Gaben des Heiligen Geistes, die sie aus der Hand ihres Sohnes empf\u00e4ngt. Am 16. Januar segnete P. General Mathew Vattamattam das Mosaik in einer schlichten Feier, an der die Gemeinschaft und die Pfarrgemeide teilnahmen.<\/p>\n<p>Bei dieser Gelegenheit wurde die Statue des heiligen Josef, des Patrons des Generalats, von der unmittelbaren \u00e4u\u00dferen Terrasse in den Garten am Haupteingang des Generalats versetzt.<\/p>\n<p>&nbsp;<\/p>\n<p>[envira-gallery id=&#8220;94662&#8243;]<\/p>\n","protected":false},"excerpt":{"rendered":"<p>Rom, Italien. 1959 wurde das internationale Claretinerkolleg (Claretianum) in Rom eingeweiht. Etwas sp\u00e4ter konsekrierte Kardinal Larraona den Altar der neuen Kapelle. Im Presbyterium stand stolz das gro\u00dfe Mosaik des Herzens Mariens an Pfingsten. Ein sch\u00f6nes vier Meter gro\u00dfes Bild, das zwischen zwei Wolken schwebte, die eine zu ihren F\u00fc\u00dfen, die andere ganz oben; aus dieser [&hellip;]<\/p>\n","protected":false},"author":1,"featured_media":94666,"comment_status":"closed","ping_status":"closed","sticky":false,"template":"","format":"standard","meta":{"_et_pb_use_builder":"","_et_pb_old_content":"","_et_gb_content_width":"","footnotes":""},"categories":[343,2393,589,495,2450,536,1203],"tags":[],"class_list":["post-94799","post","type-post","status-publish","format-standard","has-post-thumbnail","hentry","category-claretianum-de","category-gemeinschaftsleben","category-generalkurie","category-allgemeine-hauser","category-historische-notizen","category-kongregation","category-mathew-vattamattam-de"],"jetpack_featured_media_url":"https:\/\/i0.wp.com\/www.claret.org\/wp-content\/uploads\/2021\/01\/mosaicoMariaCuria2.jpg?fit=2048%2C1152&ssl=1","jetpack_sharing_enabled":true,"jetpack_shortlink":"https:\/\/wp.me\/pdaBmi-oF1","jetpack_likes_enabled":true,"_links":{"self":[{"href":"https:\/\/www.claret.org\/de\/wp-json\/wp\/v2\/posts\/94799","targetHints":{"allow":["GET"]}}],"collection":[{"href":"https:\/\/www.claret.org\/de\/wp-json\/wp\/v2\/posts"}],"about":[{"href":"https:\/\/www.claret.org\/de\/wp-json\/wp\/v2\/types\/post"}],"author":[{"embeddable":true,"href":"https:\/\/www.claret.org\/de\/wp-json\/wp\/v2\/users\/1"}],"replies":[{"embeddable":true,"href":"https:\/\/www.claret.org\/de\/wp-json\/wp\/v2\/comments?post=94799"}],"version-history":[{"count":0,"href":"https:\/\/www.claret.org\/de\/wp-json\/wp\/v2\/posts\/94799\/revisions"}],"wp:featuredmedia":[{"embeddable":true,"href":"https:\/\/www.claret.org\/de\/wp-json\/wp\/v2\/media\/94666"}],"wp:attachment":[{"href":"https:\/\/www.claret.org\/de\/wp-json\/wp\/v2\/media?parent=94799"}],"wp:term":[{"taxonomy":"category","embeddable":true,"href":"https:\/\/www.claret.org\/de\/wp-json\/wp\/v2\/categories?post=94799"},{"taxonomy":"post_tag","embeddable":true,"href":"https:\/\/www.claret.org\/de\/wp-json\/wp\/v2\/tags?post=94799"}],"curies":[{"name":"wp","href":"https:\/\/api.w.org\/{rel}","templated":true}]}}