{"id":95650,"date":"2021-02-25T12:56:05","date_gmt":"2021-02-25T11:56:05","guid":{"rendered":"https:\/\/www.claret.org\/bruederlich-schwesterliches-treffen-der-generalleitungen-von-claretinern-und-claretinerinnen\/"},"modified":"2021-02-25T12:56:05","modified_gmt":"2021-02-25T11:56:05","slug":"bruederlich-schwesterliches-treffen-der-generalleitungen-von-claretinern-und-claretinerinnen","status":"publish","type":"post","link":"https:\/\/www.claret.org\/de\/bruederlich-schwesterliches-treffen-der-generalleitungen-von-claretinern-und-claretinerinnen\/","title":{"rendered":"Br\u00fcderlich-schwesterliches Treffen der Generalleitungen von Claretinern und Claretinerinnen"},"content":{"rendered":"<p style=\"text-align: justify;\"><strong>Rom, Italien<\/strong>. Am 24. Februar trafen sich die Generalleitungen der Claretiner-Missionarinnen (RMI) und unserer Kongregation im Generalat der Claretiner. P. Artur Teixeira CMF (Generalpr\u00e4fekt f\u00fcr das Apostolat) und Sr. Jolanta Maria Kafka RMI (Generaloberin) teilten die \u00dcberlegungen des jeweiligen Rates \u00fcber das interkongregationelle Missions-\u00dcbereinkommen in Ankarana, Di\u00f6zese Farafangana in Madagaskar mit.<\/p>\n<p style=\"text-align: justify;\">Diese missionarische Initiative ist Teil des \u201eClaret 150 Projekts\u201c anl\u00e4sslich des 150. Todestags des Gr\u00fcnders beider Kongregationen. Die Generalleitungen f\u00fchrten einen offenen Dialog \u00fcber die Fortschritte, Grundlinien und Ausrichtung des erw\u00e4hnten Missions-\u00dcbereinkommens, den Zeitplan, die Mitglieder des Missionsteams und die Ausbildungsvorschl\u00e4ge f\u00fcr dieses Team. Dann wurde der Film \u201eClaret\u201c vorgef\u00fchrt. Schlie\u00dflich a\u00dfen die Leitungsteams gemeinsam zu Abend.<\/p>\n<p style=\"text-align: justify;\">Das Treffen zwischen den beiden Generalleitung war so herzlich und br\u00fcderlich wie \u00fcblich. Im claretinischen Geist unternehmen beide Kongregationen Schritte zur Erhellung neuer Initiativen und Projekte gemeinsamer Mission. Und das ist ein Grund zur tiefen Freude!<\/p>\n<p>[envira-gallery id=&#8220;95615&#8243;]<\/p>\n<p>&nbsp;<\/p>\n<p>&nbsp;<\/p>\n","protected":false},"excerpt":{"rendered":"<p>Rom, Italien. Am 24. Februar trafen sich die Generalleitungen der Claretiner-Missionarinnen (RMI) und unserer Kongregation im Generalat der Claretiner. P. Artur Teixeira CMF (Generalpr\u00e4fekt f\u00fcr das Apostolat) und Sr. Jolanta Maria Kafka RMI (Generaloberin) teilten die \u00dcberlegungen des jeweiligen Rates \u00fcber das interkongregationelle Missions-\u00dcbereinkommen in Ankarana, Di\u00f6zese Farafangana in Madagaskar mit. Diese missionarische Initiative ist [&hellip;]<\/p>\n","protected":false},"author":1,"featured_media":95645,"comment_status":"closed","ping_status":"closed","sticky":false,"template":"","format":"standard","meta":{"_et_pb_use_builder":"","_et_pb_old_content":"","_et_gb_content_width":"","footnotes":""},"categories":[531,589,520,2437,536,604],"tags":[],"class_list":["post-95650","post","type-post","status-publish","format-standard","has-post-thumbnail","hentry","category-claretinerfamilie","category-generalkurie","category-generalgouvernement","category-heiliger-anthony-mary-claret","category-kongregation","category-anschlagbrett"],"jetpack_featured_media_url":"https:\/\/i0.wp.com\/www.claret.org\/wp-content\/uploads\/2021\/02\/claret-paris20212.png?fit=1920%2C806&ssl=1","jetpack_sharing_enabled":true,"jetpack_shortlink":"https:\/\/wp.me\/pdaBmi-oSK","jetpack_likes_enabled":true,"_links":{"self":[{"href":"https:\/\/www.claret.org\/de\/wp-json\/wp\/v2\/posts\/95650","targetHints":{"allow":["GET"]}}],"collection":[{"href":"https:\/\/www.claret.org\/de\/wp-json\/wp\/v2\/posts"}],"about":[{"href":"https:\/\/www.claret.org\/de\/wp-json\/wp\/v2\/types\/post"}],"author":[{"embeddable":true,"href":"https:\/\/www.claret.org\/de\/wp-json\/wp\/v2\/users\/1"}],"replies":[{"embeddable":true,"href":"https:\/\/www.claret.org\/de\/wp-json\/wp\/v2\/comments?post=95650"}],"version-history":[{"count":0,"href":"https:\/\/www.claret.org\/de\/wp-json\/wp\/v2\/posts\/95650\/revisions"}],"wp:featuredmedia":[{"embeddable":true,"href":"https:\/\/www.claret.org\/de\/wp-json\/wp\/v2\/media\/95645"}],"wp:attachment":[{"href":"https:\/\/www.claret.org\/de\/wp-json\/wp\/v2\/media?parent=95650"}],"wp:term":[{"taxonomy":"category","embeddable":true,"href":"https:\/\/www.claret.org\/de\/wp-json\/wp\/v2\/categories?post=95650"},{"taxonomy":"post_tag","embeddable":true,"href":"https:\/\/www.claret.org\/de\/wp-json\/wp\/v2\/tags?post=95650"}],"curies":[{"name":"wp","href":"https:\/\/api.w.org\/{rel}","templated":true}]}}