{"id":96139,"date":"2021-03-03T09:59:11","date_gmt":"2021-03-03T08:59:11","guid":{"rendered":"https:\/\/www.claret.org\/luis-alberto-gonzalo-diez-cmf-die-kapitel-der-ordensgemeinschaften-muessen-neue-prozesse-einleiten\/"},"modified":"2021-03-03T09:59:11","modified_gmt":"2021-03-03T08:59:11","slug":"luis-alberto-gonzalo-diez-cmf-die-kapitel-der-ordensgemeinschaften-muessen-neue-prozesse-einleiten","status":"publish","type":"post","link":"https:\/\/www.claret.org\/de\/luis-alberto-gonzalo-diez-cmf-die-kapitel-der-ordensgemeinschaften-muessen-neue-prozesse-einleiten\/","title":{"rendered":"Luis Alberto Gonzalo D\u00edez CMF: \u201eDie Kapitel der Ordensgemeinschaften m\u00fcssen neue Prozesse einleiten\u201c"},"content":{"rendered":"<p style=\"text-align: justify;\"><img data-recalc-dims=\"1\" loading=\"lazy\" decoding=\"async\" data-attachment-id=\"96106\" data-permalink=\"https:\/\/www.claret.org\/de\/luis-alberto-gonzalo-diez-cmf-die-kapitel-der-ordensgemeinschaften-muessen-neue-prozesse-einleiten\/luis-g-diez-2\/\" data-orig-file=\"https:\/\/i0.wp.com\/www.claret.org\/wp-content\/uploads\/2021\/03\/Luis-G.-Diez.jpg?fit=527%2C480&amp;ssl=1\" data-orig-size=\"527,480\" data-comments-opened=\"0\" data-image-meta=\"{&quot;aperture&quot;:&quot;0&quot;,&quot;credit&quot;:&quot;&quot;,&quot;camera&quot;:&quot;&quot;,&quot;caption&quot;:&quot;&quot;,&quot;created_timestamp&quot;:&quot;0&quot;,&quot;copyright&quot;:&quot;&quot;,&quot;focal_length&quot;:&quot;0&quot;,&quot;iso&quot;:&quot;0&quot;,&quot;shutter_speed&quot;:&quot;0&quot;,&quot;title&quot;:&quot;&quot;,&quot;orientation&quot;:&quot;0&quot;}\" data-image-title=\"Luis G. D\u00edez\" data-image-description=\"\" data-image-caption=\"\" data-large-file=\"https:\/\/i0.wp.com\/www.claret.org\/wp-content\/uploads\/2021\/03\/Luis-G.-Diez.jpg?fit=527%2C480&amp;ssl=1\" class=\"alignleft wp-image-96106\" src=\"https:\/\/i0.wp.com\/www.claret.org\/wp-content\/uploads\/2021\/03\/Luis-G.-Diez.jpg?resize=234%2C212&#038;ssl=1\" alt=\"\" width=\"234\" height=\"212\" title=\"\" srcset=\"https:\/\/i0.wp.com\/www.claret.org\/wp-content\/uploads\/2021\/03\/Luis-G.-Diez.jpg?resize=300%2C273&amp;ssl=1 300w, https:\/\/i0.wp.com\/www.claret.org\/wp-content\/uploads\/2021\/03\/Luis-G.-Diez.jpg?w=527&amp;ssl=1 527w\" sizes=\"(max-width: 234px) 100vw, 234px\" \/>Es w\u00e4re sehr schwierig, die Geschichte des Ordenslebens zu schreiben, ohne von der Zeitschrift <em>Vida Religiosa<\/em> zu sprechen. Die \u00fcber tausend Seiten, die jedes Jahr jeweils auf der H\u00f6he der kirchlichen und gesellschaftlichen Entwicklung geschrieben werden, laden dazu ein, sich mit der Zukunft der Ordensberufung aus ganz unterschiedlichen Standpunkten zu befassen und es aufzurufen, neue Lebensr\u00e4ume zu schaffen und sich als Trampolin f\u00fcr einen energischen Impuls in der Leidenschaft f\u00fcr Gott anzubieten.<\/p>\n<p style=\"text-align: justify;\"><span style=\"text-align: justify;\">Von der Zeitschrift <\/span><em style=\"text-align: justify;\">Vida Religiosa<\/em><span style=\"text-align: justify;\"> zu sprechen, hei\u00dft auch von ihrer Geschichte zu sprechen, von der Kongregation der Claretiner, wo sie vor \u00fcber 65 Jahren entstand, von der akademischen Solvenz, die das Team der Missionare, die sie in all diesen Jahren geleitet haben, Monat f\u00fcr Monat bewiesen haben, und von der Berufung der Kirche, die sie auch in ihrem Dienst und durch Treffen, Vortr\u00e4ge und Seminare zum Ausdruck bringt, die das Ordensleben ausgehend von den heutigen Herausforderungen neu schaffen wollen. Und in diesem Kontext steht die Vorstellung des letzten Themenheftes mit dem Titel <strong>\u201eKapitel f\u00fcr das Leben und nicht f\u00fcr Projekte\u201c<\/strong>, die morgen, <strong>am 4. M\u00e4rz um 17 Uhr online<\/strong> stattfindet.<\/span><span style=\"text-align: justify;\"> Bei dieser Gelegenheit werden die Claretiner <\/span><strong style=\"text-align: justify;\">Jos\u00e9 Cristo Rey Garc\u00eda Paredes und Luis Alberto Gonzalo D\u00edez<\/strong><span style=\"text-align: justify;\">, die Verfasser des Heftes, die G\u00fcnde darlegen, die es erfordern, dass man loffen ist f\u00fcr neue Wege f\u00fcr General-, Provinz- und Hauskapitel. Eine dringende Notwendigkeit, die sich uns stellt, eine neue Phase f\u00fcr die Kapitel der Kongregationen und Orden vorzulegen, eine neue Phase, die uns endlich dazu bringt, dass nicht die Ordensgemeinschaften f\u00fcr die Kapitel da sind, sondern die Kapitel f\u00fcr die Ordensgemeinschaften.<\/span><\/p>\n<p><strong>Um die Vorstellung des Themenheftes zu verfolgen:<\/strong><\/p>\n<p><strong>Plattform <em>Zoom<\/em><\/strong>: Zugang zu den zehn Sitzungen f\u00fcr die eingeschriebenen Personen und Leitungen (secretaria@ITVR.org).<\/p>\n<p><strong>Nur am 4. M\u00e4rz um 17 Uhr, offen f\u00fcr die Allgemeinheit:<\/strong><\/p>\n<ul>\n<li><strong>YouTube Kanal <em>Revista Vida Religiosa<\/em>  <a href=\"https:\/\/www.youtube.com\/watch?v=-KctcdsDSbk\" rel=\"nofollow noopener\" target=\"_blank\">ww<\/a><\/strong><strong><a href=\"https:\/\/www.youtube.com\/watch?v=-KctcdsDSbk\" rel=\"nofollow noopener\" target=\"_blank\">w.youtube.com\/watch?v=-KctcdsDSbk<\/a><\/strong><\/li>\n<li><strong>YouTube-Kanal des Theologischen Instituts f\u00fcr das Ordensleben<a href=\"https:\/\/www.youtube.com\/watch?v=J2fzbOa7aZA\" rel=\"nofollow noopener\" target=\"_blank\"> www.youtube.com\/watch?v=J2fzbOa7aZA<\/a><\/strong><\/li>\n<li><strong>Facebook-Seite der <em>Revista Vida Religiosa<\/em><\/strong><\/li>\n<li><strong>Facebook-Seite des Theologischen Instituts f\u00fcr das Ordensleben<\/strong><\/li>\n<\/ul>\n<p>&nbsp;<\/p>\n<p style=\"text-align: right;\">\u00a9 Misioneros Claretianos Provincia de Santiago<\/p>\n","protected":false},"excerpt":{"rendered":"<p>Es w\u00e4re sehr schwierig, die Geschichte des Ordenslebens zu schreiben, ohne von der Zeitschrift Vida Religiosa zu sprechen. Die \u00fcber tausend Seiten, die jedes Jahr jeweils auf der H\u00f6he der kirchlichen und gesellschaftlichen Entwicklung geschrieben werden, laden dazu ein, sich mit der Zukunft der Ordensberufung aus ganz unterschiedlichen Standpunkten zu befassen und es aufzurufen, neue [&hellip;]<\/p>\n","protected":false},"author":1,"featured_media":96125,"comment_status":"closed","ping_status":"closed","sticky":false,"template":"","format":"standard","meta":{"_et_pb_use_builder":"","_et_pb_old_content":"","_et_gb_content_width":"","footnotes":""},"categories":[254,420,604,337],"tags":[],"class_list":["post-96139","post","type-post","status-publish","format-standard","has-post-thumbnail","hentry","category-claret-publishing-group-de","category-geweihtes-leben","category-anschlagbrett","category-santiago-de"],"jetpack_featured_media_url":"https:\/\/i0.wp.com\/www.claret.org\/wp-content\/uploads\/2021\/03\/presentacio%CC%81n-del-monogra%CC%81fico.jpg?fit=700%2C366&ssl=1","jetpack_sharing_enabled":true,"jetpack_shortlink":"https:\/\/wp.me\/pdaBmi-p0D","jetpack_likes_enabled":true,"_links":{"self":[{"href":"https:\/\/www.claret.org\/de\/wp-json\/wp\/v2\/posts\/96139","targetHints":{"allow":["GET"]}}],"collection":[{"href":"https:\/\/www.claret.org\/de\/wp-json\/wp\/v2\/posts"}],"about":[{"href":"https:\/\/www.claret.org\/de\/wp-json\/wp\/v2\/types\/post"}],"author":[{"embeddable":true,"href":"https:\/\/www.claret.org\/de\/wp-json\/wp\/v2\/users\/1"}],"replies":[{"embeddable":true,"href":"https:\/\/www.claret.org\/de\/wp-json\/wp\/v2\/comments?post=96139"}],"version-history":[{"count":0,"href":"https:\/\/www.claret.org\/de\/wp-json\/wp\/v2\/posts\/96139\/revisions"}],"wp:featuredmedia":[{"embeddable":true,"href":"https:\/\/www.claret.org\/de\/wp-json\/wp\/v2\/media\/96125"}],"wp:attachment":[{"href":"https:\/\/www.claret.org\/de\/wp-json\/wp\/v2\/media?parent=96139"}],"wp:term":[{"taxonomy":"category","embeddable":true,"href":"https:\/\/www.claret.org\/de\/wp-json\/wp\/v2\/categories?post=96139"},{"taxonomy":"post_tag","embeddable":true,"href":"https:\/\/www.claret.org\/de\/wp-json\/wp\/v2\/tags?post=96139"}],"curies":[{"name":"wp","href":"https:\/\/api.w.org\/{rel}","templated":true}]}}