{"id":98801,"date":"2021-04-24T10:31:21","date_gmt":"2021-04-24T08:31:21","guid":{"rendered":"https:\/\/www.claret.org\/priesterweihe-von-richar-vera-cmf\/"},"modified":"2021-04-24T10:31:21","modified_gmt":"2021-04-24T08:31:21","slug":"priesterweihe-von-richar-vera-cmf","status":"publish","type":"post","link":"https:\/\/www.claret.org\/de\/priesterweihe-von-richar-vera-cmf\/","title":{"rendered":"Priesterweihe von Richar Vera CMF"},"content":{"rendered":"<p><strong>Lambar\u00e9, Paraguay<\/strong>. Am Samstag, dem 17. April wurde in der Kirche Johannes der T\u00e4ufer in Lambar\u00e9 (Asunci\u00f3n) die Priesterweihe von Richar Vera CMF gefeiert.<\/p>\n<p>Die Feier leitete der emeritierte Bischof Ignacio Gogorza, ein gro\u00dfer Mitarbeiter unserer Pfarrei. Infolge der Ma\u00dfnahmen gegen die weltweite Pandemie nahm nur eine kleine Zahl von Teilnehmern teil. Selbst die Familie von von Pa&#8217;i Richar musste die Zahl der G\u00e4ste beschr\u00e4nken und nach Lambar\u00e9 reisen.<\/p>\n<p>Die Provinzleitung wurde vom Ausbildungspr\u00e4fekten Br. Fernando Kuhn vertreten, w\u00e4hrend das \u00fcbrige Team, Missionare, Freunde und Nahestehende aufmerksam die Live\u00fcbertragung verfolgten, die durch die digitalen Netzwerken der St. Josefs-S\u00fcdprovinz zur Verf\u00fcgung gestellt wurde.<\/p>\n<p>Urspr\u00fcnglich sollte die Weihe in der Rosenkranzkirche in Yhu gefeiert werden, doch infolge der Zunahme der Covid-19-Infektionen in der Gegend wurde beschlossen, sie in die Kirche in Lambar\u00e9 zu verlegen. Es war die dritte Priesterweihe, die an diesem Ort gefeiert wurde: Die erste war 1982 die Weihe des Missionars De los Santos Oroa (erste Weihe eines paraguayischen Claretiners), und die zweite 2013 die des Missionars Luis Villasanti.<\/p>\n<p>&nbsp;<\/p>\n<p>[envira-gallery id=&#8220;98691&#8243;]<\/p>\n","protected":false},"excerpt":{"rendered":"<p>Lambar\u00e9, Paraguay. Am Samstag, dem 17. April wurde in der Kirche Johannes der T\u00e4ufer in Lambar\u00e9 (Asunci\u00f3n) die Priesterweihe von Richar Vera CMF gefeiert. Die Feier leitete der emeritierte Bischof Ignacio Gogorza, ein gro\u00dfer Mitarbeiter unserer Pfarrei. Infolge der Ma\u00dfnahmen gegen die weltweite Pandemie nahm nur eine kleine Zahl von Teilnehmern teil. Selbst die Familie [&hellip;]<\/p>\n","protected":false},"author":1,"featured_media":98686,"comment_status":"closed","ping_status":"closed","sticky":false,"template":"","format":"standard","meta":{"_et_pb_use_builder":"","_et_pb_old_content":"","_et_gb_content_width":"","footnotes":""},"categories":[355,604,392,576],"tags":[],"class_list":["post-98801","post","type-post","status-publish","format-standard","has-post-thumbnail","hentry","category-amerika","category-anschlagbrett","category-san-jose-del-sur-de","category-ordinationen"],"jetpack_featured_media_url":"https:\/\/i0.wp.com\/www.claret.org\/wp-content\/uploads\/2021\/04\/ORDENACION-SACERDOTAL-DE-RICHAR-VERA-CMF-17042021.png?fit=700%2C400&ssl=1","jetpack_sharing_enabled":true,"jetpack_shortlink":"https:\/\/wp.me\/pdaBmi-pHz","jetpack_likes_enabled":true,"_links":{"self":[{"href":"https:\/\/www.claret.org\/de\/wp-json\/wp\/v2\/posts\/98801","targetHints":{"allow":["GET"]}}],"collection":[{"href":"https:\/\/www.claret.org\/de\/wp-json\/wp\/v2\/posts"}],"about":[{"href":"https:\/\/www.claret.org\/de\/wp-json\/wp\/v2\/types\/post"}],"author":[{"embeddable":true,"href":"https:\/\/www.claret.org\/de\/wp-json\/wp\/v2\/users\/1"}],"replies":[{"embeddable":true,"href":"https:\/\/www.claret.org\/de\/wp-json\/wp\/v2\/comments?post=98801"}],"version-history":[{"count":0,"href":"https:\/\/www.claret.org\/de\/wp-json\/wp\/v2\/posts\/98801\/revisions"}],"wp:featuredmedia":[{"embeddable":true,"href":"https:\/\/www.claret.org\/de\/wp-json\/wp\/v2\/media\/98686"}],"wp:attachment":[{"href":"https:\/\/www.claret.org\/de\/wp-json\/wp\/v2\/media?parent=98801"}],"wp:term":[{"taxonomy":"category","embeddable":true,"href":"https:\/\/www.claret.org\/de\/wp-json\/wp\/v2\/categories?post=98801"},{"taxonomy":"post_tag","embeddable":true,"href":"https:\/\/www.claret.org\/de\/wp-json\/wp\/v2\/tags?post=98801"}],"curies":[{"name":"wp","href":"https:\/\/api.w.org\/{rel}","templated":true}]}}