{"id":101204,"date":"2021-06-24T12:12:21","date_gmt":"2021-06-24T10:12:21","guid":{"rendered":"https:\/\/www.claret.org\/?p=101204"},"modified":"2021-06-24T12:16:03","modified_gmt":"2021-06-24T10:16:03","slug":"el-papa-francisco-recibe-claret-la-pelicula","status":"publish","type":"post","link":"https:\/\/www.claret.org\/es\/el-papa-francisco-recibe-claret-la-pelicula\/","title":{"rendered":"El papa Francisco recibe \u00abClaret\u00bb, la pel\u00edcula"},"content":{"rendered":"<p><strong>Roma, Italia<\/strong>. La pel\u00edcula \u00abClaret\u00bb sobre el Padre Fundador de nuestra Congregaci\u00f3n <strong>se estrenar\u00e1 el 24 de junio de 2021 en el <em>Cinema Farnese<\/em>, en Campo di\u2019 Fiori, Roma<\/strong>. La pel\u00edcula, que ya ha cerrado su estreno en varios pa\u00edses de Europa (Espa\u00f1a y Francia) y Latinoam\u00e9rica, ser\u00e1 distribuida por PROJECT FILM, es <strong>una producci\u00f3n de <em>Contracorriente Producciones &#8211; Three Columns Entertainment<\/em> y la Familia Claretiana<\/strong>, que vuelven a trabajar juntos tras el \u00e9xito de la pel\u00edcula UN DIOS PROHIBIDO (2013).<\/p>\n<p>En la audiencia papal de ayer, 23 de junio, <strong>el papa Francisco salud\u00f3 personalmente al cardenal Aquilino Bocos Merino, CMF y al director de la pel\u00edcula, Pablo Moreno quien le obsequi\u00f3 una copia en <em>disco Blu-ray<\/em><\/strong>.<\/p>\n<p>La pel\u00edcula se sit\u00faa en 1930, cuando el escritor e intelectual Azor\u00edn descubri\u00f3 un enga\u00f1o que se hab\u00eda propagado a lo largo de casi sesenta a\u00f1os: la vida y las obras del arzobispo espa\u00f1ol Antonio Mar\u00eda Claret, fundador de los Misioneros Claretianos, hab\u00edan sido adulteradas.<\/p>\n<p><strong>\u00abClaret\u00bb, basada en hechos reales, descubre el recorrido de esa investigaci\u00f3n que lleva a conocer la historia, pensamiento y aut\u00e9nticos hechos que llevaron a la acci\u00f3n al que fue arzobispo de Cuba y posteriormente, confesor de la Reina Isabel II<\/strong>.<\/p>\n","protected":false},"excerpt":{"rendered":"<p>Roma, Italia. La pel\u00edcula \u00abClaret\u00bb sobre el Padre Fundador de nuestra Congregaci\u00f3n se estrenar\u00e1 el 24 de junio de 2021 en el Cinema Farnese, en Campo di\u2019 Fiori, Roma. La pel\u00edcula, que ya ha cerrado su estreno en varios pa\u00edses de Europa (Espa\u00f1a y Francia) y Latinoam\u00e9rica, ser\u00e1 distribuida por PROJECT FILM, es una producci\u00f3n [&hellip;]<\/p>\n","protected":false},"author":1,"featured_media":101206,"comment_status":"closed","ping_status":"closed","sticky":false,"template":"","format":"standard","meta":{"_et_pb_use_builder":"","_et_pb_old_content":"","_et_gb_content_width":"","footnotes":""},"categories":[566,528,568,533,1705,607],"tags":[],"class_list":["post-101204","post","type-post","status-publish","format-standard","has-post-thumbnail","hentry","category-cardenales-y-obispos","category-familia-claretiana","category-fundadores-cmf","category-la-congregacion","category-san-antonio-maria-claret","category-tablero"],"jetpack_featured_media_url":"https:\/\/i0.wp.com\/www.claret.org\/wp-content\/uploads\/2021\/06\/Aquilino-Bocos-Pablo-Moreno-papa-Francisco-23062021.png?fit=700%2C400&ssl=1","jetpack_sharing_enabled":true,"jetpack_shortlink":"https:\/\/wp.me\/pdaBmi-qkk","jetpack_likes_enabled":true,"_links":{"self":[{"href":"https:\/\/www.claret.org\/es\/wp-json\/wp\/v2\/posts\/101204","targetHints":{"allow":["GET"]}}],"collection":[{"href":"https:\/\/www.claret.org\/es\/wp-json\/wp\/v2\/posts"}],"about":[{"href":"https:\/\/www.claret.org\/es\/wp-json\/wp\/v2\/types\/post"}],"author":[{"embeddable":true,"href":"https:\/\/www.claret.org\/es\/wp-json\/wp\/v2\/users\/1"}],"replies":[{"embeddable":true,"href":"https:\/\/www.claret.org\/es\/wp-json\/wp\/v2\/comments?post=101204"}],"version-history":[{"count":0,"href":"https:\/\/www.claret.org\/es\/wp-json\/wp\/v2\/posts\/101204\/revisions"}],"wp:featuredmedia":[{"embeddable":true,"href":"https:\/\/www.claret.org\/es\/wp-json\/wp\/v2\/media\/101206"}],"wp:attachment":[{"href":"https:\/\/www.claret.org\/es\/wp-json\/wp\/v2\/media?parent=101204"}],"wp:term":[{"taxonomy":"category","embeddable":true,"href":"https:\/\/www.claret.org\/es\/wp-json\/wp\/v2\/categories?post=101204"},{"taxonomy":"post_tag","embeddable":true,"href":"https:\/\/www.claret.org\/es\/wp-json\/wp\/v2\/tags?post=101204"}],"curies":[{"name":"wp","href":"https:\/\/api.w.org\/{rel}","templated":true}]}}