{"id":101741,"date":"2021-07-17T09:45:46","date_gmt":"2021-07-17T07:45:46","guid":{"rendered":"https:\/\/www.claret.org\/?p=101741"},"modified":"2021-07-17T09:45:46","modified_gmt":"2021-07-17T07:45:46","slug":"3a-edicion-campamento-juvenil-claretiano-akono-2021","status":"publish","type":"post","link":"https:\/\/www.claret.org\/es\/3a-edicion-campamento-juvenil-claretiano-akono-2021\/","title":{"rendered":"3\u00aa EDICI\u00d3N &#8211; CAMPAMENTO JUVENIL CLARETIANO AKONO 2021"},"content":{"rendered":"<p><strong>Akono, Camer\u00fan<\/strong>. El 14 de julio de 2021 comenz\u00f3 la tercera edici\u00f3n del campamento claretiano en Akono, con la llegada de un n\u00famero aproximado de 220 j\u00f3venes provenientes de las parroquias claretianas del pa\u00eds.<\/p>\n<p>Luego de la bienvenida se inici\u00f3 con el rezo del Rosario, para luego continuar con la programaci\u00f3n del campamento, entre reuniones de los coordinadores y actividades recreativas con todos los j\u00f3venes. Se hicieron presentes en el campamento los misioneros claretianos P. Jude Langeh, CMF, P. Thomas Aquinas, CMF y Hno. Martin Ndi Nkoumou, CMF.<\/p>\n<p>Tanto el Hno. Martin, CMF como el P. Thomas, CMF  comartieron temas sobre la vocaci\u00f3n desde la perspectiva b\u00edblica y su experiencia vital en la sociedad de hoy, a la luz del camino de santidad de san Antonio Mar\u00eda Claret. El campamento culmin\u00f3 con la celebraci\u00f3n Eucar\u00edstica presidida por el P. Jude Langeh, CMF concelebrada por los misioneros sacerdotes Fr\u00e9d\u00e9ric Kpoumie, CMF, Emeran Mbah, CM, Honor\u00e9 Kenfack, CMF, Constantin Otili, CMF y Thomas Aquinas, CMF; los estudiantes Thomash, CMF y Melvin Neba, CMF.<\/p>\n<p>Tambi\u00e9n animaron la liturgia los j\u00f3venes de la delegaci\u00f3n juvenil de Nkolbison. En su homil\u00eda, el Superior Mayor invit\u00f3 a los j\u00f3venes a estar atentos a las diferentes llamadas, ya que la misma experiencia del campamento que conclu\u00edan comporta una misi\u00f3n.<\/p>\n<p>&nbsp;<\/p>\n<p>[envira-gallery id=\u00bb101748&#8243;]<\/p>\n","protected":false},"excerpt":{"rendered":"<p>Akono, Camer\u00fan. El 14 de julio de 2021 comenz\u00f3 la tercera edici\u00f3n del campamento claretiano en Akono, con la llegada de un n\u00famero aproximado de 220 j\u00f3venes provenientes de las parroquias claretianas del pa\u00eds. Luego de la bienvenida se inici\u00f3 con el rezo del Rosario, para luego continuar con la programaci\u00f3n del campamento, entre reuniones [&hellip;]<\/p>\n","protected":false},"author":1,"featured_media":101742,"comment_status":"closed","ping_status":"closed","sticky":false,"template":"","format":"standard","meta":{"_et_pb_use_builder":"","_et_pb_old_content":"","_et_gb_content_width":"","footnotes":""},"categories":[409,132,1097],"tags":[],"class_list":["post-101741","post","type-post","status-publish","format-standard","has-post-thumbnail","hentry","category-apostolado","category-cameroun-es","category-parroquias"],"jetpack_featured_media_url":"https:\/\/i0.wp.com\/www.claret.org\/wp-content\/uploads\/2021\/07\/3a-EDICION-CAMPAMENTO-JUVENIL-CLARETIANO-AKONO-14072021-.png?fit=700%2C400&ssl=1","jetpack_sharing_enabled":true,"jetpack_shortlink":"https:\/\/wp.me\/pdaBmi-qsZ","jetpack_likes_enabled":true,"_links":{"self":[{"href":"https:\/\/www.claret.org\/es\/wp-json\/wp\/v2\/posts\/101741","targetHints":{"allow":["GET"]}}],"collection":[{"href":"https:\/\/www.claret.org\/es\/wp-json\/wp\/v2\/posts"}],"about":[{"href":"https:\/\/www.claret.org\/es\/wp-json\/wp\/v2\/types\/post"}],"author":[{"embeddable":true,"href":"https:\/\/www.claret.org\/es\/wp-json\/wp\/v2\/users\/1"}],"replies":[{"embeddable":true,"href":"https:\/\/www.claret.org\/es\/wp-json\/wp\/v2\/comments?post=101741"}],"version-history":[{"count":0,"href":"https:\/\/www.claret.org\/es\/wp-json\/wp\/v2\/posts\/101741\/revisions"}],"wp:featuredmedia":[{"embeddable":true,"href":"https:\/\/www.claret.org\/es\/wp-json\/wp\/v2\/media\/101742"}],"wp:attachment":[{"href":"https:\/\/www.claret.org\/es\/wp-json\/wp\/v2\/media?parent=101741"}],"wp:term":[{"taxonomy":"category","embeddable":true,"href":"https:\/\/www.claret.org\/es\/wp-json\/wp\/v2\/categories?post=101741"},{"taxonomy":"post_tag","embeddable":true,"href":"https:\/\/www.claret.org\/es\/wp-json\/wp\/v2\/tags?post=101741"}],"curies":[{"name":"wp","href":"https:\/\/api.w.org\/{rel}","templated":true}]}}