{"id":102190,"date":"2021-07-28T10:40:04","date_gmt":"2021-07-28T08:40:04","guid":{"rendered":"https:\/\/www.claret.org\/?p=102190"},"modified":"2021-07-28T10:40:04","modified_gmt":"2021-07-28T08:40:04","slug":"condecoracion-al-p-gabriel-mejia-cmf-con-la-medalla-maharishi-de-los-iluminados","status":"publish","type":"post","link":"https:\/\/www.claret.org\/es\/condecoracion-al-p-gabriel-mejia-cmf-con-la-medalla-maharishi-de-los-iluminados\/","title":{"rendered":"Condecoraci\u00f3n al P. Gabriel Mej\u00eda, CMF con la Medalla Maharishi de los Iluminados"},"content":{"rendered":"<p><strong>Holanda<\/strong>. El pasado domingo 25 de julio de 2021, se llev\u00f3 a cabo desde la sede central de la organizaci\u00f3n <em>Maharishi<\/em>, en Holanda, la ceremonia de premiaci\u00f3n para l\u00edderes del mundo.<\/p>\n<p>El festival Guru Purnima se celebra todos los a\u00f1os el d\u00eda de luna llena de julio para rendir homenaje a los maestros espirituales.  El Gur\u00fa es el gu\u00eda espiritual que nos acompa\u00f1a por la vida, en el maravilloso y misterioso terreno de la Espiritualidad. El mayor respeto que podemos tener por el Gur\u00fa es mostrar c\u00f3mo sus ense\u00f1anzas influyen en nuestras acciones en la vida diaria. El evento hizo parte de las festividades del Guru Purnima o \u00abfiesta de los gur\u00faes\u00bb, que, para esta ocasi\u00f3n, tuvo gran significado porque uno de los condecorados fue <strong>el padre Gabriel Antonio Mej\u00eda, CMF, fundador de <em>Hogares Claret<\/em> en Colombia<\/strong>.<\/p>\n<p>La ceremonia fue presidida por el Dr. Tony Nader, Maharaja Adhiraj Rajaraam, presidente de la organizaci\u00f3n, quien, junto con el Raja Luis, compartieron elogiosas palabras para el padre Gabriel y toda la obra de Hogares Claret. El reconocimiento fue <strong>por su importante contribuci\u00f3n para mejorar la calidad de vida de las personas, aplicando las tecnolog\u00edas de la conciencia de <em>Maharishi<\/em>, en funci\u00f3n del bienestar social<\/strong>.<\/p>\n<p>La <em><strong>Fundaci\u00f3n Hogares Claret<\/strong><\/em> ofrece acompa\u00f1amiento terap\u00e9utico \u2013 pedag\u00f3gico a ni\u00f1os, ni\u00f1as, adolescentes y adultos, afectados por la marginalidad, la violencia, el consumo de sustancias psicoactivas y\/o problemas de conducta, para favorecerles la inclusi\u00f3n social, el restablecimiento de sus derechos y la construcci\u00f3n de un proyecto de vida. Para ello se apoya de cuatro pilares, a saber: espiritualidad, escultismo \u2013 Pedagog\u00eda Scout, acompa\u00f1amiento familiar y educaci\u00f3n basada en la conciencia.<\/p>\n","protected":false},"excerpt":{"rendered":"<p>Holanda. El pasado domingo 25 de julio de 2021, se llev\u00f3 a cabo desde la sede central de la organizaci\u00f3n Maharishi, en Holanda, la ceremonia de premiaci\u00f3n para l\u00edderes del mundo. El festival Guru Purnima se celebra todos los a\u00f1os el d\u00eda de luna llena de julio para rendir homenaje a los maestros espirituales. El [&hellip;]<\/p>\n","protected":false},"author":1,"featured_media":102191,"comment_status":"closed","ping_status":"closed","sticky":false,"template":"","format":"standard","meta":{"_et_pb_use_builder":"","_et_pb_old_content":"","_et_gb_content_width":"","footnotes":""},"categories":[409,376],"tags":[],"class_list":["post-102190","post","type-post","status-publish","format-standard","has-post-thumbnail","hentry","category-apostolado","category-colombia-venezuela-es"],"jetpack_featured_media_url":"https:\/\/i0.wp.com\/www.claret.org\/wp-content\/uploads\/2021\/07\/Portada-Medalla-Maharishi-28072021.png?fit=700%2C400&ssl=1","jetpack_sharing_enabled":true,"jetpack_shortlink":"https:\/\/wp.me\/pdaBmi-qAe","jetpack_likes_enabled":true,"_links":{"self":[{"href":"https:\/\/www.claret.org\/es\/wp-json\/wp\/v2\/posts\/102190","targetHints":{"allow":["GET"]}}],"collection":[{"href":"https:\/\/www.claret.org\/es\/wp-json\/wp\/v2\/posts"}],"about":[{"href":"https:\/\/www.claret.org\/es\/wp-json\/wp\/v2\/types\/post"}],"author":[{"embeddable":true,"href":"https:\/\/www.claret.org\/es\/wp-json\/wp\/v2\/users\/1"}],"replies":[{"embeddable":true,"href":"https:\/\/www.claret.org\/es\/wp-json\/wp\/v2\/comments?post=102190"}],"version-history":[{"count":0,"href":"https:\/\/www.claret.org\/es\/wp-json\/wp\/v2\/posts\/102190\/revisions"}],"wp:featuredmedia":[{"embeddable":true,"href":"https:\/\/www.claret.org\/es\/wp-json\/wp\/v2\/media\/102191"}],"wp:attachment":[{"href":"https:\/\/www.claret.org\/es\/wp-json\/wp\/v2\/media?parent=102190"}],"wp:term":[{"taxonomy":"category","embeddable":true,"href":"https:\/\/www.claret.org\/es\/wp-json\/wp\/v2\/categories?post=102190"},{"taxonomy":"post_tag","embeddable":true,"href":"https:\/\/www.claret.org\/es\/wp-json\/wp\/v2\/tags?post=102190"}],"curies":[{"name":"wp","href":"https:\/\/api.w.org\/{rel}","templated":true}]}}