{"id":103191,"date":"2021-08-19T08:51:16","date_gmt":"2021-08-19T06:51:16","guid":{"rendered":"https:\/\/www.claret.org\/xxvi-capitulo-general-entre-emaus-y-jerusalen-18-de-agosto-de-2021\/"},"modified":"2021-08-19T16:42:43","modified_gmt":"2021-08-19T14:42:43","slug":"xxvi-capitulo-general-entre-emaus-y-jerusalen-18-de-agosto-de-2021","status":"publish","type":"post","link":"https:\/\/www.claret.org\/es\/xxvi-capitulo-general-entre-emaus-y-jerusalen-18-de-agosto-de-2021\/","title":{"rendered":"XXVI Cap\u00edtulo General. Entre Ema\u00fas y Jerusal\u00e9n (18 de agosto de 2021)"},"content":{"rendered":"<p><strong>Nemi, Italia. 18 de agosto de 2021<\/strong>. A las 7:30, con la oraci\u00f3n de laudes dirigida por la Provincia USA-CANAD\u00c1, inici\u00f3 el tercer y \u00faltimo d\u00eda de Retiro de nuestro Cap\u00edtulo General. Al tiempo que recit\u00e1bamos y escuch\u00e1bamos la Palabra de Dios, agradec\u00edamos la presencia de los tres miembros de la provincia de Brasil, llegados anoche a Italia y ya presentes en esta sede capitular de Nemi. Por la tarde, se un\u00eda a la oraci\u00f3n de v\u00edsperas, Juan Carlos Bartra, el provincial de Per\u00fa-Bolivia, que desde hace tres d\u00edas guardaba la cuarentena prescrita dentro de la casa. Al anochecer, llegaba desde Medell\u00edn el provincial de Colombia-Venezuela, Armando Valencia. Poco a poco, se va completando el n\u00famero de los capitulares; ya solo faltan los hermanos de la India y Sri Lanka. Confiamos en que puedan incorporarse en los pr\u00f3ximos d\u00edas.<\/p>\n<p>Por la ma\u00f1ana, hemos estado entre Ema\u00fas y Jerusal\u00e9n: hemos pasado de la sorpresa de descubrir que el caminante que part\u00eda el pan con nosotros era el Se\u00f1or, al deseo de regresar a la comunidad, para all\u00ed anunciar que la gloria del resucitado se hab\u00eda hecho presente de forma inesperada, y que ante nosotros se abr\u00edan nuevas sendas de discipulado. La semilla de la Palabra, depositada en nuestros corazones cargados de sue\u00f1os, fructifica en una comunidad congregacional que avanza y se plasma en el anhelo de construir una Iglesia renovada, so\u00f1adora y dispuesta a testimoniar la presencia viva del Resucitado. Semillas del Verbo que, por otra parte, estamos llamados a descubrir en todo lugar; sue\u00f1os que se nos invita a hacer realidad en fraternidad misionera y en misi\u00f3n compartida.<\/p>\n<p>La sesi\u00f3n de trabajo de la tarde, orientada asimismo por los facilitadores, Jolanta y Paulson, nos ha puesto en la pista de la b\u00fasqueda de primeras conclusiones, es decir, se nos ha invitado a ir dando el salto a lo concreto; a lo que, m\u00e1s all\u00e1 de la experiencia espiritual de estos tres primeros d\u00edas, centrar\u00e1 nuestra atenci\u00f3n a partir de ma\u00f1ana. Para hacerlo, nada mejor que el lenguaje evocativo. Reunidos por grupos hemos sintetizado la vivencia de las jornadas de retiro en un s\u00edmbolo que expresara los anhelos y b\u00fasquedas intuidos en estos primeros pasos del discernimiento capitular.<\/p>\n<p>&nbsp;<\/p>\n<p>[envira-gallery id=\u00bb103135&#8243;]<\/p>\n","protected":false},"excerpt":{"rendered":"<p>Nemi, Italia. 18 de agosto de 2021. A las 7:30, con la oraci\u00f3n de laudes dirigida por la Provincia USA-CANAD\u00c1, inici\u00f3 el tercer y \u00faltimo d\u00eda de Retiro de nuestro Cap\u00edtulo General. Al tiempo que recit\u00e1bamos y escuch\u00e1bamos la Palabra de Dios, agradec\u00edamos la presencia de los tres miembros de la provincia de Brasil, llegados [&hellip;]<\/p>\n","protected":false},"author":1,"featured_media":103134,"comment_status":"closed","ping_status":"closed","sticky":false,"template":"","format":"standard","meta":{"_et_pb_use_builder":"","_et_pb_old_content":"","_et_gb_content_width":"","footnotes":""},"categories":[515,533,607,2519],"tags":[],"class_list":["post-103191","post","type-post","status-publish","format-standard","has-post-thumbnail","hentry","category-capitulos-generales","category-la-congregacion","category-tablero","category-xxvi-capitulo-general"],"jetpack_featured_media_url":"https:\/\/i0.wp.com\/www.claret.org\/wp-content\/uploads\/2021\/08\/Cover-2.png?fit=700%2C400&ssl=1","jetpack_sharing_enabled":true,"jetpack_shortlink":"https:\/\/wp.me\/pdaBmi-qQn","jetpack_likes_enabled":true,"_links":{"self":[{"href":"https:\/\/www.claret.org\/es\/wp-json\/wp\/v2\/posts\/103191","targetHints":{"allow":["GET"]}}],"collection":[{"href":"https:\/\/www.claret.org\/es\/wp-json\/wp\/v2\/posts"}],"about":[{"href":"https:\/\/www.claret.org\/es\/wp-json\/wp\/v2\/types\/post"}],"author":[{"embeddable":true,"href":"https:\/\/www.claret.org\/es\/wp-json\/wp\/v2\/users\/1"}],"replies":[{"embeddable":true,"href":"https:\/\/www.claret.org\/es\/wp-json\/wp\/v2\/comments?post=103191"}],"version-history":[{"count":0,"href":"https:\/\/www.claret.org\/es\/wp-json\/wp\/v2\/posts\/103191\/revisions"}],"wp:featuredmedia":[{"embeddable":true,"href":"https:\/\/www.claret.org\/es\/wp-json\/wp\/v2\/media\/103134"}],"wp:attachment":[{"href":"https:\/\/www.claret.org\/es\/wp-json\/wp\/v2\/media?parent=103191"}],"wp:term":[{"taxonomy":"category","embeddable":true,"href":"https:\/\/www.claret.org\/es\/wp-json\/wp\/v2\/categories?post=103191"},{"taxonomy":"post_tag","embeddable":true,"href":"https:\/\/www.claret.org\/es\/wp-json\/wp\/v2\/tags?post=103191"}],"curies":[{"name":"wp","href":"https:\/\/api.w.org\/{rel}","templated":true}]}}