{"id":103911,"date":"2021-08-29T08:30:02","date_gmt":"2021-08-29T06:30:02","guid":{"rendered":"https:\/\/www.claret.org\/?p=103911"},"modified":"2021-08-29T10:44:34","modified_gmt":"2021-08-29T08:44:34","slug":"xxvi-cg-hacer-nuestros-los-suenos-de-dios-28-de-agosto-de-2021","status":"publish","type":"post","link":"https:\/\/www.claret.org\/es\/xxvi-cg-hacer-nuestros-los-suenos-de-dios-28-de-agosto-de-2021\/","title":{"rendered":"XXVI CG. Hacer nuestros los sue\u00f1os de Dios (28 de agosto de 2021)"},"content":{"rendered":"<p><strong>Nemi, Italia. 28 de agosto de 2021<\/strong>. El sue\u00f1o de Dios sigue siendo mundo justo y en paz, un mundo donde la gratitud ha diluido cualquier ansiedad y la generosidad ha eclipsado toda codicia. Dios sue\u00f1a con un tiempo en el que el amor y el respeto mutuo unir\u00e1n a la humanidad y la profunda belleza de la creaci\u00f3n ser\u00e1 atesorada. Por su parte, el ser humano contempla, sue\u00f1a e interroga, y cuando lo hace es que ya se encuentra en el espacio del ser interior. Ese so\u00f1ar comienza en la contemplaci\u00f3n de lo creado a lo que responde la palabra callada de su hermosura: <em>Mi pregunta era mi mirada, y su respuesta, su apariencia <\/em>(<em>Conf <\/em>X, VI, 9); as\u00ed dir\u00eda san Agust\u00edn, de quien celebramos su memoria y pedimos su intercesi\u00f3n.<\/p>\n<p>Justamente a ello se nos ha invitado este segundo d\u00eda dedicado a los sue\u00f1os: so\u00f1ar para nuestra Congregaci\u00f3n los sue\u00f1os de Dios. Despu\u00e9s de compartir y dialogar en grupos, hemos seleccionado los sue\u00f1os m\u00e1s concurrentes en los frutos de nuestras reflexiones. Basta mencionar algunos de esos sue\u00f1os para darnos cuenta de que seguimos vibrando con el carisma y el celo apost\u00f3lico que hemos heredado: <em>\u00bfcu\u00e1les son las periferias en las que debemos estar presente hoy y qu\u00e9 implica concreta\u00admente al cuidado del Pueblo de Dios y su creaci\u00f3n en misi\u00f3n compartida?; \u00bfc\u00f3mo hacer que las nuevas generaciones se apasionen por Jesucristo y su Reino?;\u00bfde qu\u00e9 manera podemos promover el car\u00e1cter intercultural e intercontinental de la Congregaci\u00f3n?; \u00bfc\u00f3mo construir proyectos de comunidad y misi\u00f3n en sinodalidad e interculturalidad?; \u00bfc\u00f3mo estar arraigados en la Palabra de Dios como lo hizo Mar\u00eda?; \u00bfc\u00f3mo profundizar la centra\u00adlidad de la Palabra de Dios en nuestros comunidades y en la realidad del pueblo al que servimos?; \u00bfc\u00f3mo ilusionar a los claretianos que han perdido la ilusi\u00f3n misionera?<\/em><\/p>\n<p>Los facilitadores luego nos dieron las pautas para trabajar en grupos y, considerando el trabajo previo, redactar en tiempo presente una declaraci\u00f3n de nuestros sue\u00f1os para la congregaci\u00f3n, tomando en cuenta adem\u00e1s que el lenguaje transforma y configura nuestra realidad.<\/p>\n<p>En la segunda parte de la ma\u00f1ana hemos puesto en com\u00fan nuestras declaraciones de sue\u00f1os y constatamos en todas manifestamos los elementos de nuestra vida misi\u00f3n que son fuente de arraigo y que a la vez suponen la audacia ante los desaf\u00edos actuales. Con Cerramos esta fase del Cap\u00edtulo en oraci\u00f3n y agradecimiento con un canto que aunaba todo lo vivido hasta ahora, ese canto que expresa \u00abla belleza de la trama\u00bb (Humberto Pegoraro):<\/p>\n<p style=\"padding-left: 40px;\"><em>Cuantos m\u00e1s hilos se trenzan,<\/em><\/p>\n<p style=\"padding-left: 40px;\"><em>m\u00e1s hermoso es el dise\u00f1o,<\/em><\/p>\n<p style=\"padding-left: 40px;\"><em>reflejando los colores<\/em><\/p>\n<p style=\"padding-left: 40px;\"><em>que pintan el universo.<\/em><\/p>\n<p style=\"padding-left: 40px;\"><em>La belleza de la trama<\/em><\/p>\n<p style=\"padding-left: 40px;\"><em>le viene de lo complejo.<\/em><\/p>\n<p style=\"padding-left: 40px;\"><em> <\/em><\/p>\n<p style=\"padding-left: 40px;\"><em>Requiere mucha paciencia<\/em><\/p>\n<p style=\"padding-left: 40px;\"><em>hacer un tejido nuevo.<\/em><\/p>\n<p style=\"padding-left: 40px;\"><em>Hay que ponerle coraje,<\/em><\/p>\n<p style=\"padding-left: 40px;\"><em>bordar gozo y sufrimiento<\/em><\/p>\n<p style=\"padding-left: 40px;\"><em>con la fuerza de tus manos,<\/em><\/p>\n<p style=\"padding-left: 40px;\"><em>los latidos de tu pecho.<\/em><\/p>\n<p style=\"padding-left: 40px;\"><em> <\/em><\/p>\n<p style=\"padding-left: 40px;\"><em>Hay que inaugurar talleres<\/em><\/p>\n<p style=\"padding-left: 40px;\"><em>donde viva lo diverso,<\/em><\/p>\n<p style=\"padding-left: 40px;\"><em>refugios de la esperanza,<\/em><\/p>\n<p style=\"padding-left: 40px;\"><em>lugares de nacimiento,<\/em><\/p>\n<p style=\"padding-left: 40px;\"><em>donde nadie quede afuera<\/em><\/p>\n<p style=\"padding-left: 40px;\"><em>de la fiesta y del encuentro<\/em> [&#8230;]<\/p>\n<p><em> <\/em><\/p>\n<p>Por la tarde pasamos a mesas redondas para iniciar la etapa de discernimiento y de elecciones. Poni\u00e9ndonos en las manos de Dios, nos dispusimos a invocar al Esp\u00edritu Divino para que iluminase a la comunidad capitular y nos mantuviese en sinton\u00eda con nuestros her\u00admanos en las periferias. El presidente del Cap\u00edtulo procedi\u00f3 a consultar a la asamblea capitular si era oportuno pasar a la etapa de elecciones. Con el voto afirmativo y un\u00e1nime, los facilitadores nos explicaron el proceso que dar\u00e1 continuidad a la din\u00e1mica del capitular, dejando marchar lo viejo y acogiendo lo nuevo.<\/p>\n<p>As\u00ed, con la asistencia maternal del Coraz\u00f3n de Mar\u00eda, el proceso de las votaciones tambi\u00e9n se inserta en la din\u00e1mica conversacional y de discernimiento. Por ello se ha dispuesto que despu\u00e9s de compar\u00adto los sue\u00f1os para la Congregaci\u00f3n, pas\u00e1ramos a cumplir con la encomienda confiada a los capitulares de elegir al Superior General y su equipo.<\/p>\n<p>Los criterios evang\u00e9licos de los que Dios se sirve para elegir a sus siervos tambi\u00e9n han estado presentes en nuestro Cap\u00edtulo. Dios no se ha fijado en sus elegidos como lo hacen los seres humanos; \u00c9l ha visto en sus corazones. Por eso tambi\u00e9n nosotros queremos elegir recordando los sue\u00f1os y los proyectos congregacionales que van emergiendo a la luz de la Palabra y la Doctrina Congregacional. Queremos mirar la Congregaci\u00f3n con toda su dimensi\u00f3n misionera, comunitaria, desaf\u00edos y grandes esperanzas, tal como lo vivimos estos d\u00edas. Pedimos la gracia de conocer a quien elige Dios para guiar la Congregaci\u00f3n, regal\u00e1ndonos su carisma.<\/p>\n<p>Culminamos la jornada con la celebraci\u00f3n de la Eucarist\u00eda, presidida por el arzobispo Jos\u00e9 Rodr\u00edguez Carballo, O.F.M., secretario de la Congregaci\u00f3n para los Institutos de Vida Consagrada y las Sociedades de Vida Apost\u00f3lica, quien nos inst\u00f3 a centrarnos en Jes\u00fas, concentrarnos en la misi\u00f3n y descentrarnos, es decir, salir a las periferias.<\/p>\n<p>&nbsp;<\/p>\n<p>[envira-gallery id=\u00bb103849&#8243;]<\/p>\n","protected":false},"excerpt":{"rendered":"<p>Nemi, Italia. 28 de agosto de 2021. El sue\u00f1o de Dios sigue siendo mundo justo y en paz, un mundo donde la gratitud ha diluido cualquier ansiedad y la generosidad ha eclipsado toda codicia. Dios sue\u00f1a con un tiempo en el que el amor y el respeto mutuo unir\u00e1n a la humanidad y la profunda [&hellip;]<\/p>\n","protected":false},"author":1,"featured_media":103891,"comment_status":"closed","ping_status":"closed","sticky":false,"template":"","format":"standard","meta":{"_et_pb_use_builder":"","_et_pb_old_content":"","_et_gb_content_width":"","footnotes":""},"categories":[515,533,607,2519],"tags":[],"class_list":["post-103911","post","type-post","status-publish","format-standard","has-post-thumbnail","hentry","category-capitulos-generales","category-la-congregacion","category-tablero","category-xxvi-capitulo-general"],"jetpack_featured_media_url":"https:\/\/i0.wp.com\/www.claret.org\/wp-content\/uploads\/2021\/08\/Cover-10.png?fit=700%2C400&ssl=1","jetpack_sharing_enabled":true,"jetpack_shortlink":"https:\/\/wp.me\/pdaBmi-r1Z","jetpack_likes_enabled":true,"_links":{"self":[{"href":"https:\/\/www.claret.org\/es\/wp-json\/wp\/v2\/posts\/103911","targetHints":{"allow":["GET"]}}],"collection":[{"href":"https:\/\/www.claret.org\/es\/wp-json\/wp\/v2\/posts"}],"about":[{"href":"https:\/\/www.claret.org\/es\/wp-json\/wp\/v2\/types\/post"}],"author":[{"embeddable":true,"href":"https:\/\/www.claret.org\/es\/wp-json\/wp\/v2\/users\/1"}],"replies":[{"embeddable":true,"href":"https:\/\/www.claret.org\/es\/wp-json\/wp\/v2\/comments?post=103911"}],"version-history":[{"count":0,"href":"https:\/\/www.claret.org\/es\/wp-json\/wp\/v2\/posts\/103911\/revisions"}],"wp:featuredmedia":[{"embeddable":true,"href":"https:\/\/www.claret.org\/es\/wp-json\/wp\/v2\/media\/103891"}],"wp:attachment":[{"href":"https:\/\/www.claret.org\/es\/wp-json\/wp\/v2\/media?parent=103911"}],"wp:term":[{"taxonomy":"category","embeddable":true,"href":"https:\/\/www.claret.org\/es\/wp-json\/wp\/v2\/categories?post=103911"},{"taxonomy":"post_tag","embeddable":true,"href":"https:\/\/www.claret.org\/es\/wp-json\/wp\/v2\/tags?post=103911"}],"curies":[{"name":"wp","href":"https:\/\/api.w.org\/{rel}","templated":true}]}}