{"id":104101,"date":"2021-09-01T08:33:52","date_gmt":"2021-09-01T06:33:52","guid":{"rendered":"https:\/\/www.claret.org\/xxvi-cg-construyendo-un-equipo-31-de-agosto-de-2021\/"},"modified":"2021-09-01T09:09:44","modified_gmt":"2021-09-01T07:09:44","slug":"xxvi-cg-construyendo-un-equipo-31-de-agosto-de-2021","status":"publish","type":"post","link":"https:\/\/www.claret.org\/es\/xxvi-cg-construyendo-un-equipo-31-de-agosto-de-2021\/","title":{"rendered":"XXVI CG. Construyendo un equipo (31 de agosto de 2021)"},"content":{"rendered":"<p><strong>Nemi, Italia. 31 de agosto de 2021.<\/strong> El primer encuentro capitular de este \u00faltimo d\u00eda del mes de agosto ha tenido lugar en torno al altar del Se\u00f1or. Hoy presid\u00eda Juan Carlos Bartra, provincial de Per\u00fa-Bolivia, que nos ped\u00eda que or\u00e1ramos por todas las comunidades de la Congregaci\u00f3n. Cada una de ellas es una c\u00e9lula apost\u00f3lica, un peque\u00f1a Iglesia dom\u00e9stica, donde el Evangelio se hace vida y misi\u00f3n.<\/p>\n<p>&nbsp;<\/p>\n<p>De la oraci\u00f3n por las comunidades presentes en todo el mundo, hemos pasado al discernimiento sobre la organizaci\u00f3n y el perfil del nuevo equipo del Gobierno, que, en colaboraci\u00f3n con el P. Mathew Vattamattam, liderar\u00e1 la Congregaci\u00f3n en los pr\u00f3ximos seis a\u00f1os. En el aula capitular, despu\u00e9s de escuchar la propuesta organizativa presentada por nuestro reci\u00e9n elegido Superior General, han resonado voces de todos los continentes. Las palabras de los \u00faltimos d\u00edas han adquirido un nuevo color. Ha llegado la hora de que los sue\u00f1os empiecen a tomar cuerpo; y, como venimos haciendo desde que inici\u00f3 el Cap\u00edtulo, una doble conversaci\u00f3n ha canalizado toda la energ\u00eda.<\/p>\n<p>&nbsp;<\/p>\n<p>El primer di\u00e1logo se ha desarrollado en el aula; en un rico intercambio de ideas y sugerencias, en que los capitulares han aceptado la propuesta de una estructura de gobierno muy semejante a la del anterior sexenio. En segundo lugar, hemos pasado a la capilla donde se han tenido las conversaciones confidenciales en grupos de cuatro. Se trataba de ayudarnos unos a otros a discernir qui\u00e9nes eran las personas m\u00e1s adecuadas para formar el equipo de gobierno. El fruto del trabajo de la ma\u00f1ana se ha plasmado en la elaboraci\u00f3n de la consulta o sondeo, con los nombres para consultores generales y prefecturas.<\/p>\n<p>&nbsp;<\/p>\n<p>La sesi\u00f3n de la tarde, moderada por el padre Rosendo Urrabazo, se ha centrado en materias de \u00edndole jur\u00eddica, relativas a los criterios para la constituci\u00f3n de provincias y delegaciones, as\u00ed como a la representatividad de los organismos mayores en el Cap\u00edtulo General. Pese a la complejidad del tema, el buen hacer del moderador ha conseguido que todas las cuestiones se aclararan y trataran con la competencia requerida, alcanzando acuerdos satisfactorios para todos. El Cap\u00edtulo ha realizado un \u00f3ptimo trabajo de equipo.<\/p>\n<p>&nbsp;<\/p>\n<p>Hemos cerrado el d\u00eda intercediendo en la oraci\u00f3n por la provincia de Per\u00fa-Bolivia y agradeciendo su labor misionera. Ma\u00f1ana nos espera la \u00abjornada electoral\u00bb, el d\u00eda dedicado a la elecci\u00f3n de los consultores generales. Contamos con vuestra oraci\u00f3n.<\/p>\n<p>&nbsp;<\/p>\n<p>[envira-gallery id=\u00bb104038&#8243;]<\/p>\n","protected":false},"excerpt":{"rendered":"<p>Nemi, Italia. 31 de agosto de 2021. El primer encuentro capitular de este \u00faltimo d\u00eda del mes de agosto ha tenido lugar en torno al altar del Se\u00f1or. Hoy presid\u00eda Juan Carlos Bartra, provincial de Per\u00fa-Bolivia, que nos ped\u00eda que or\u00e1ramos por todas las comunidades de la Congregaci\u00f3n. Cada una de ellas es una c\u00e9lula [&hellip;]<\/p>\n","protected":false},"author":1,"featured_media":104087,"comment_status":"closed","ping_status":"closed","sticky":false,"template":"","format":"standard","meta":{"_et_pb_use_builder":"","_et_pb_old_content":"","_et_gb_content_width":"","footnotes":""},"categories":[515,533,607,2519],"tags":[],"class_list":["post-104101","post","type-post","status-publish","format-standard","has-post-thumbnail","hentry","category-capitulos-generales","category-la-congregacion","category-tablero","category-xxvi-capitulo-general"],"jetpack_featured_media_url":"https:\/\/i0.wp.com\/www.claret.org\/wp-content\/uploads\/2021\/09\/Cover.png?fit=700%2C400&ssl=1","jetpack_sharing_enabled":true,"jetpack_shortlink":"https:\/\/wp.me\/pdaBmi-r53","jetpack_likes_enabled":true,"_links":{"self":[{"href":"https:\/\/www.claret.org\/es\/wp-json\/wp\/v2\/posts\/104101","targetHints":{"allow":["GET"]}}],"collection":[{"href":"https:\/\/www.claret.org\/es\/wp-json\/wp\/v2\/posts"}],"about":[{"href":"https:\/\/www.claret.org\/es\/wp-json\/wp\/v2\/types\/post"}],"author":[{"embeddable":true,"href":"https:\/\/www.claret.org\/es\/wp-json\/wp\/v2\/users\/1"}],"replies":[{"embeddable":true,"href":"https:\/\/www.claret.org\/es\/wp-json\/wp\/v2\/comments?post=104101"}],"version-history":[{"count":0,"href":"https:\/\/www.claret.org\/es\/wp-json\/wp\/v2\/posts\/104101\/revisions"}],"wp:featuredmedia":[{"embeddable":true,"href":"https:\/\/www.claret.org\/es\/wp-json\/wp\/v2\/media\/104087"}],"wp:attachment":[{"href":"https:\/\/www.claret.org\/es\/wp-json\/wp\/v2\/media?parent=104101"}],"wp:term":[{"taxonomy":"category","embeddable":true,"href":"https:\/\/www.claret.org\/es\/wp-json\/wp\/v2\/categories?post=104101"},{"taxonomy":"post_tag","embeddable":true,"href":"https:\/\/www.claret.org\/es\/wp-json\/wp\/v2\/tags?post=104101"}],"curies":[{"name":"wp","href":"https:\/\/api.w.org\/{rel}","templated":true}]}}