{"id":104637,"date":"2021-09-05T08:35:13","date_gmt":"2021-09-05T06:35:13","guid":{"rendered":"https:\/\/www.claret.org\/xxvi-cg-sonamos-disenando-y-disenamos-sonando-04-de-septiembre-de-2021\/"},"modified":"2021-09-05T08:35:13","modified_gmt":"2021-09-05T06:35:13","slug":"xxvi-cg-sonamos-disenando-y-disenamos-sonando-04-de-septiembre-de-2021","status":"publish","type":"post","link":"https:\/\/www.claret.org\/es\/xxvi-cg-sonamos-disenando-y-disenamos-sonando-04-de-septiembre-de-2021\/","title":{"rendered":"XXVI CG. So\u00f1amos dise\u00f1ando y dise\u00f1amos so\u00f1ando (04 de septiembre de 2021)"},"content":{"rendered":"<p><strong>Nemi, Italia. 4 de septiembre de 2021. <\/strong>Hoy, primer s\u00e1bado del mes de septiembre, nuestros hermanos de la provincia de Colombia Oriental-Ecuador presidieron la celebraci\u00f3n eucar\u00edstica, encomendado a Mar\u00eda, nuestra madre y formadora, los trabajos de la etapa de dise\u00f1o en la que estamos embarcados desde ayer. A los motivos cotidianos de acci\u00f3n de gracias, se sumaba hoy la alegr\u00eda de la reincoporaci\u00f3n a la asamblea capitular de los hermanos que hasta hoy convalec\u00edan guardando cuarentena: Juan Mart\u00edn Askaiturrieta y Valens Agino. Adem\u00e1s, hoy agradecemos la llegada a Nemi de Jean Baptiste Makilandi, superior de la delegaci\u00f3n del Congo.<\/p>\n<p>Al iniciar la labor en la sala capitular, el moderador del d\u00eda, Rosendo Urrabazo, nos invit\u00f3 a escuchar con atenci\u00f3n el texto evang\u00e9lico de Lucas 6,46-49, donde Jes\u00fas propone una sabidur\u00eda alternativa, que sacuda el orden social y considere cr\u00edticamente el conjunto de convenciones que lo sustentan. Jes\u00fas no anima a preservar el <em>statu quo,<\/em> sino a vivir aqu\u00ed en la tierra como si el Reino de Dios ya hubiera comenzado. Estas palabras del Maestro resuenan en el aula capitular como una llamada a so\u00f1ar; es decir, a dise\u00f1ar un proyecto congregacional audaz, que no se conforme con lo ya logrado o \u00abestablecido\u00bb en nuestro peque\u00f1o mundo. Para ello, merece la pena el esfuerzo que se est\u00e1 haciendo por involucrar a cada claretiano en el proyecto ilusionante que el Cap\u00edtulo se esfuerza en elaborar.<\/p>\n<p>Dicho esto, y aclarada la metodolog\u00eda de trabajo, durante el resto del d\u00eda hemos seguido una din\u00e1mica muy semejante a la de ayer: trabajo personal, compartir en grupos, redacci\u00f3n acordada del dise\u00f1o que interpreta el sue\u00f1o y exposici\u00f3n de lo discernido en el aula capitular. El tiempo ha estado tan bien aprovechado que hemos conseguido concentrarnos sobre cuatro de los siete elementos que componen el sue\u00f1o capitular. Ya solo falta concretar en compromisos las diferentes propuestas; pero antes, la Comisi\u00f3n de s\u00edntesis tiene ante s\u00ed una ardua labor.<\/p>\n<p>Todo este esfuerzo se acompasa con la discusi\u00f3n de las propuestas elaboradas por las comisiones precapitulares, que han estudiado asuntos controvertidos. Hoy abordamos un tema aparentemente organizativo \u2013 el de la territorialidad \u2013, que de hecho afecta entre otras cosas a la identidad misionera, al modo de realizar la misi\u00f3n y a la econom\u00eda. Despu\u00e9s de cenar algunos capitulares han tomado parte en las llamadas \u00abConversaciones con caf\u00e9\u00bb, donde han hablado de la pastoral juvenil y el proyecto \u00abClaret Way\u00bb y de los Institutos de Vida Consagrada.<\/p>\n<p>La semana concluye con la satisfacci\u00f3n de haber aprovechado bien el tiempo y de avanzar en el discernimiento. Ma\u00f1ana interrumpimos la tarea habitual para celebrar el d\u00eda el Se\u00f1or y gozar del preceptivo y merecido descanso. \u00a1Nos reencontramos el pr\u00f3ximo lunes!<\/p>\n<p>[envira-gallery id=\u00bb104574&#8243;]<\/p>\n","protected":false},"excerpt":{"rendered":"<p>Nemi, Italia. 4 de septiembre de 2021. Hoy, primer s\u00e1bado del mes de septiembre, nuestros hermanos de la provincia de Colombia Oriental-Ecuador presidieron la celebraci\u00f3n eucar\u00edstica, encomendado a Mar\u00eda, nuestra madre y formadora, los trabajos de la etapa de dise\u00f1o en la que estamos embarcados desde ayer. A los motivos cotidianos de acci\u00f3n de gracias, [&hellip;]<\/p>\n","protected":false},"author":1,"featured_media":104628,"comment_status":"closed","ping_status":"closed","sticky":false,"template":"","format":"standard","meta":{"_et_pb_use_builder":"","_et_pb_old_content":"","_et_gb_content_width":"","footnotes":""},"categories":[515,533,607,2519],"tags":[],"class_list":["post-104637","post","type-post","status-publish","format-standard","has-post-thumbnail","hentry","category-capitulos-generales","category-la-congregacion","category-tablero","category-xxvi-capitulo-general"],"jetpack_featured_media_url":"https:\/\/i0.wp.com\/www.claret.org\/wp-content\/uploads\/2021\/09\/Cover-4.png?fit=700%2C400&ssl=1","jetpack_sharing_enabled":true,"jetpack_shortlink":"https:\/\/wp.me\/pdaBmi-rdH","jetpack_likes_enabled":true,"_links":{"self":[{"href":"https:\/\/www.claret.org\/es\/wp-json\/wp\/v2\/posts\/104637","targetHints":{"allow":["GET"]}}],"collection":[{"href":"https:\/\/www.claret.org\/es\/wp-json\/wp\/v2\/posts"}],"about":[{"href":"https:\/\/www.claret.org\/es\/wp-json\/wp\/v2\/types\/post"}],"author":[{"embeddable":true,"href":"https:\/\/www.claret.org\/es\/wp-json\/wp\/v2\/users\/1"}],"replies":[{"embeddable":true,"href":"https:\/\/www.claret.org\/es\/wp-json\/wp\/v2\/comments?post=104637"}],"version-history":[{"count":0,"href":"https:\/\/www.claret.org\/es\/wp-json\/wp\/v2\/posts\/104637\/revisions"}],"wp:featuredmedia":[{"embeddable":true,"href":"https:\/\/www.claret.org\/es\/wp-json\/wp\/v2\/media\/104628"}],"wp:attachment":[{"href":"https:\/\/www.claret.org\/es\/wp-json\/wp\/v2\/media?parent=104637"}],"wp:term":[{"taxonomy":"category","embeddable":true,"href":"https:\/\/www.claret.org\/es\/wp-json\/wp\/v2\/categories?post=104637"},{"taxonomy":"post_tag","embeddable":true,"href":"https:\/\/www.claret.org\/es\/wp-json\/wp\/v2\/tags?post=104637"}],"curies":[{"name":"wp","href":"https:\/\/api.w.org\/{rel}","templated":true}]}}