{"id":105123,"date":"2021-09-16T11:31:35","date_gmt":"2021-09-16T09:31:35","guid":{"rendered":"https:\/\/www.claret.org\/?p=105123"},"modified":"2021-09-16T11:34:58","modified_gmt":"2021-09-16T09:34:58","slug":"encuentro-del-quinquenio-para-la-mision-de-ghana","status":"publish","type":"post","link":"https:\/\/www.claret.org\/es\/encuentro-del-quinquenio-para-la-mision-de-ghana\/","title":{"rendered":"ENCUENTRO DEL QUINQUENIO PARA LA MISI\u00d3N DE GHANA"},"content":{"rendered":"<p><strong>Sunyani, Ghana<\/strong>. Del 19 al 21 de agosto de 2021, los Misioneros Claretianos de la Provincia de East Nigeria que trabajan en Ghana se reunieron en Jamdede, Sunyani, para su Encuentro del Quinquenio.  Los participantes en el programa fueron los PP. Paschal Diala, Maximus Okorie, Marcellinus Njeze y Henry Leka-Ire, CMFF.<\/p>\n<p>El animador del programa, el Vicario Provincial\/Prefecto de Espiritualidad, P. Perpetus Igwe, CMF comparti\u00f3 la vida com\u00fan de los misioneros y estudi\u00f3 con ellos los documentos de la Congregaci\u00f3n. En la celebraci\u00f3n de la Eucarist\u00eda, que presidi\u00f3 el Vicario Provincial, anim\u00f3 a los misioneros a vivir una vida de sacrificio por el bien de Cristo y del Evangelio que son enviados a predicar. Insisti\u00f3 en que \u00abla Comunidad Claretiana es una casa y una escuela de comuni\u00f3n\u00bb, que transforma y conforma al individuo seg\u00fan la mente de Cristo y tiene un impacto positivo en la gente a la que servimos.<\/p>\n<p>El Coordinador de la Misi\u00f3n de Ghana, P. Cyriacus Asiegbu, CMF, en nombre de los misioneros, expres\u00f3 sus sentimientos de gratitud al Vicario Provincial por haber organizado un encuentro enriquecedor y lleno de esp\u00edritu y por haber compartido la vida com\u00fan de los misioneros. Los participantes tambi\u00e9n se mostraron agradecidos a la Provincia por el programa que renov\u00f3 su vigor para el trabajo misionero.<\/p>\n<p style=\"text-align: right;\"><em>P. Maximus Okorie, CMF (Participante)<\/em><\/p>\n","protected":false},"excerpt":{"rendered":"<p>Sunyani, Ghana. Del 19 al 21 de agosto de 2021, los Misioneros Claretianos de la Provincia de East Nigeria que trabajan en Ghana se reunieron en Jamdede, Sunyani, para su Encuentro del Quinquenio. Los participantes en el programa fueron los PP. Paschal Diala, Maximus Okorie, Marcellinus Njeze y Henry Leka-Ire, CMFF. El animador del programa, [&hellip;]<\/p>\n","protected":false},"author":1,"featured_media":105121,"comment_status":"closed","ping_status":"closed","sticky":false,"template":"","format":"standard","meta":{"_et_pb_use_builder":"","_et_pb_old_content":"","_et_gb_content_width":"","footnotes":""},"categories":[142,623],"tags":[],"class_list":["post-105123","post","type-post","status-publish","format-standard","has-post-thumbnail","hentry","category-east-nigeria-es","category-formacion-permanente"],"jetpack_featured_media_url":"https:\/\/i0.wp.com\/www.claret.org\/wp-content\/uploads\/2021\/09\/Portadas-web-Ghana-Quinqenio.png?fit=700%2C400&ssl=1","jetpack_sharing_enabled":true,"jetpack_shortlink":"https:\/\/wp.me\/pdaBmi-rlx","jetpack_likes_enabled":true,"_links":{"self":[{"href":"https:\/\/www.claret.org\/es\/wp-json\/wp\/v2\/posts\/105123","targetHints":{"allow":["GET"]}}],"collection":[{"href":"https:\/\/www.claret.org\/es\/wp-json\/wp\/v2\/posts"}],"about":[{"href":"https:\/\/www.claret.org\/es\/wp-json\/wp\/v2\/types\/post"}],"author":[{"embeddable":true,"href":"https:\/\/www.claret.org\/es\/wp-json\/wp\/v2\/users\/1"}],"replies":[{"embeddable":true,"href":"https:\/\/www.claret.org\/es\/wp-json\/wp\/v2\/comments?post=105123"}],"version-history":[{"count":0,"href":"https:\/\/www.claret.org\/es\/wp-json\/wp\/v2\/posts\/105123\/revisions"}],"wp:featuredmedia":[{"embeddable":true,"href":"https:\/\/www.claret.org\/es\/wp-json\/wp\/v2\/media\/105121"}],"wp:attachment":[{"href":"https:\/\/www.claret.org\/es\/wp-json\/wp\/v2\/media?parent=105123"}],"wp:term":[{"taxonomy":"category","embeddable":true,"href":"https:\/\/www.claret.org\/es\/wp-json\/wp\/v2\/categories?post=105123"},{"taxonomy":"post_tag","embeddable":true,"href":"https:\/\/www.claret.org\/es\/wp-json\/wp\/v2\/tags?post=105123"}],"curies":[{"name":"wp","href":"https:\/\/api.w.org\/{rel}","templated":true}]}}