{"id":106189,"date":"2021-10-01T18:18:51","date_gmt":"2021-10-01T16:18:51","guid":{"rendered":"https:\/\/www.claret.org\/?p=106189"},"modified":"2021-10-02T09:56:54","modified_gmt":"2021-10-02T07:56:54","slug":"querida-congregacion-arraigate-en-cristo-y-se-audaz-en-la-mision","status":"publish","type":"post","link":"https:\/\/www.claret.org\/es\/querida-congregacion-arraigate-en-cristo-y-se-audaz-en-la-mision\/","title":{"rendered":"\u201cQuerida Congregaci\u00f3n\u201d, \u00a1arr\u00e1igate en Cristo y s\u00e9 audaz en la misi\u00f3n!"},"content":{"rendered":"<p><strong>Queridos hermanos<\/strong>:<\/p>\n<p>Concluido el XXVI Cap\u00edtulo General, los delegados regresaron a sus<br \/>\ncomunidades con alegr\u00eda y entusiasmo renovado. En palabras de Claret, yo dir\u00eda: \u00ab<em>Este<\/em><br \/>\n<em>es el dedo de Dios<\/em>\u00bb (Aut. 609), que nos ha hecho posible celebrar este Cap\u00edtulo General<br \/>\nen tiempos de pandemia. Fue un evento en el que la promesa del Se\u00f1or \u2013 \u00abYo estoy con<br \/>\nvosotros\u00bb \u2013 se convirti\u00f3 en otra experiencia tangible en nuestra historia congregacional.<\/p>\n<p>La Exhortaci\u00f3n Capitular, \u201c<em>Querida Congregaci\u00f3n, Arraigada en Cristo, Audaz<\/em><br \/>\n<em>en la Misi\u00f3n<\/em>\u201d, est\u00e1 ya a disposici\u00f3n de todos vosotros y de todos aquellos con los que<br \/>\ncompartimos la <em>Missio Dei<\/em>. Ahora es el momento del \u00abFiat\u00bb, como el de nuestra Sant\u00edsima<br \/>\nMadre, a los Sue\u00f1os del Se\u00f1or (<em>Somnia Dei<\/em>) para nuestra Congregaci\u00f3n. Diremos nuestro<br \/>\n\u00abfiat\u00bb juntos a trav\u00e9s de compromisos concretos para realizar el sue\u00f1o entrelazado en<br \/>\nesp\u00edritu de discernimiento por medio de las conversaciones constructivas que hemos<br \/>\nmantenido a varios niveles durante la preparaci\u00f3n y la celebraci\u00f3n del Cap\u00edtulo.<\/p>\n<p>El Papa Francisco agreg\u00f3 su parte en estas conversaciones confirmando nuestro<br \/>\nanhelo de estar arraigados en Jes\u00fas y ser audaces en la misi\u00f3n. El Pont\u00edfice tambi\u00e9n nos<br \/>\nrecord\u00f3 la importancia de la proximidad, la compasi\u00f3n y la ternura en nuestra vida y<br \/>\nmisi\u00f3n. En este a\u00f1o, dedicado a San Jos\u00e9, hacemos bien en tejer nuestra vida y misi\u00f3n en<br \/>\nel Sue\u00f1o que el Esp\u00edritu del Se\u00f1or ha evocado en nosotros a trav\u00e9s del proceso del<br \/>\nCap\u00edtulo General. En efecto, so\u00f1ar es \u00ab<em>abrir la puerta al futuro, ser fecundos en el futuro<\/em>\u00ab,<br \/>\ncomo afirma el Papa Francisco.<\/p>\n<p>Os invito a personalizar la Exhortaci\u00f3n del Cap\u00edtulo General y a dar frutos en<br \/>\nvuestra vida personal, en la comunidad y en vuestro ministerio. Vivimos en un tiempo de<br \/>\ncambios de \u00e9poca que requieren cambios transformadores en nuestra forma de pensar,<br \/>\nrelacionarnos y misionar. El descubrimiento, el sue\u00f1o, los designios y los compromisos<br \/>\nse vuelven transformadores cuando cada Claretiano, cada comunidad y todos nuestros<br \/>\nOrganismos Mayores los reconocemos y actuamos de acuerdo con ellos.<\/p>\n<blockquote><p>Queridos hermanos, caminemos juntos por el camino sinodal para ser una<br \/>\nCongregaci\u00f3n arraigada en Cristo y audaz en la misi\u00f3n.<\/p><\/blockquote>\n<p>Cuidaremos que la frase <em>arraigada y audaz<\/em> no se convierta en un mero eslogan,<br \/>\nsino en el dinamismo central de los tres procesos transformadores iniciados por el<br \/>\nXXV Cap\u00edtulo General, que continuaremos con renovado \u00edmpetu.<\/p>\n<p>La exhortaci\u00f3n del XXVI Cap\u00edtulo General va acompa\u00f1ada de dos gu\u00edas para<br \/>\nayudar tanto a la transmisi\u00f3n del esp\u00edritu del Cap\u00edtulo como a la preparaci\u00f3n para los<br \/>\npr\u00f3ximos Cap\u00edtulos provinciales y asambleas en todos los Organismos Mayores. Har\u00e9is<br \/>\nbien en adaptar creativamente estas pautas a vuestro contexto.<\/p>\n<p>Cuando caminamos en el Esp\u00edritu de Dios, el arquitecto de la historia humana,<br \/>\nestar\u00edamos en nuestro mejor momento no negando nuestras limitaciones humanas,<br \/>\nbuscando en todas las cosas la gloria de Dios, la santificaci\u00f3n de nuestros miembros y la<br \/>\nsalvaci\u00f3n de las personas en todo el mundo (cf. CC 2).<\/p>\n<p>Encomiendo nuestro caminar al Inmaculado Coraz\u00f3n de Mar\u00eda, que siempre<br \/>\nacompa\u00f1a a los hijos de su coraz\u00f3n.<\/p>\n<p style=\"padding-left: 360px;\">P. Mathew Vattamattam, CMF<br \/>\nSuperior General<br \/>\nRoma, 30 de septiembre de 2021<\/p>\n<p><\/p>\n<p><\/p>\n<p><\/p>\n<p><\/p>\n","protected":false},"excerpt":{"rendered":"<p>Queridos hermanos: Concluido el XXVI Cap\u00edtulo General, los delegados regresaron a sus comunidades con alegr\u00eda y entusiasmo renovado. En palabras de Claret, yo dir\u00eda: \u00abEste es el dedo de Dios\u00bb (Aut. 609), que nos ha hecho posible celebrar este Cap\u00edtulo General en tiempos de pandemia. Fue un evento en el que la promesa del Se\u00f1or [&hellip;]<\/p>\n","protected":false},"author":1,"featured_media":106174,"comment_status":"closed","ping_status":"closed","sticky":false,"template":"","format":"standard","meta":{"_et_pb_use_builder":"","_et_pb_old_content":"","_et_gb_content_width":"","footnotes":""},"categories":[515,533,1200,594,1198,607,2519],"tags":[],"class_list":["post-106189","post","type-post","status-publish","format-standard","has-post-thumbnail","hentry","category-capitulos-generales","category-la-congregacion","category-mathew-vattamattam-es","category-secretaria-general","category-superiores-generales","category-tablero","category-xxvi-capitulo-general"],"jetpack_featured_media_url":"https:\/\/i0.wp.com\/www.claret.org\/wp-content\/uploads\/2021\/10\/Portada-web-Querida-Congregacion.png?fit=700%2C400&ssl=1","jetpack_sharing_enabled":true,"jetpack_shortlink":"https:\/\/wp.me\/pdaBmi-rCJ","jetpack_likes_enabled":true,"_links":{"self":[{"href":"https:\/\/www.claret.org\/es\/wp-json\/wp\/v2\/posts\/106189","targetHints":{"allow":["GET"]}}],"collection":[{"href":"https:\/\/www.claret.org\/es\/wp-json\/wp\/v2\/posts"}],"about":[{"href":"https:\/\/www.claret.org\/es\/wp-json\/wp\/v2\/types\/post"}],"author":[{"embeddable":true,"href":"https:\/\/www.claret.org\/es\/wp-json\/wp\/v2\/users\/1"}],"replies":[{"embeddable":true,"href":"https:\/\/www.claret.org\/es\/wp-json\/wp\/v2\/comments?post=106189"}],"version-history":[{"count":0,"href":"https:\/\/www.claret.org\/es\/wp-json\/wp\/v2\/posts\/106189\/revisions"}],"wp:featuredmedia":[{"embeddable":true,"href":"https:\/\/www.claret.org\/es\/wp-json\/wp\/v2\/media\/106174"}],"wp:attachment":[{"href":"https:\/\/www.claret.org\/es\/wp-json\/wp\/v2\/media?parent=106189"}],"wp:term":[{"taxonomy":"category","embeddable":true,"href":"https:\/\/www.claret.org\/es\/wp-json\/wp\/v2\/categories?post=106189"},{"taxonomy":"post_tag","embeddable":true,"href":"https:\/\/www.claret.org\/es\/wp-json\/wp\/v2\/tags?post=106189"}],"curies":[{"name":"wp","href":"https:\/\/api.w.org\/{rel}","templated":true}]}}