{"id":106375,"date":"2021-10-06T10:31:37","date_gmt":"2021-10-06T08:31:37","guid":{"rendered":"https:\/\/www.claret.org\/?p=106375"},"modified":"2021-10-07T09:30:27","modified_gmt":"2021-10-07T07:30:27","slug":"la-mision-de-ghana-celebra-la-segunda-convencion-nacional-de-jovenes-claretianos","status":"publish","type":"post","link":"https:\/\/www.claret.org\/es\/la-mision-de-ghana-celebra-la-segunda-convencion-nacional-de-jovenes-claretianos\/","title":{"rendered":"LA MISI\u00d3N DE GHANA CELEBRA LA SEGUNDA CONVENCI\u00d3N NACIONAL DE J\u00d3VENES CLARETIANOS"},"content":{"rendered":"<p><strong>Berekum, Ghana<\/strong>. El s\u00e1bado 24 al domingo 26 de septiembre de 2021 tuvo lugar la segunda convenci\u00f3n nacional de j\u00e8ovenes en la parroquia de San Juan de Jamdede &#8211; Berekum en la Di\u00f3cesis de Sunyani de Ghana. Los j\u00f3venes claretianos de diversas parroquias se reunieron para participar en la convenci\u00f3n. La convenci\u00f3n de este a\u00f1o fue la segunda de este tipo en Ghana desde 2014, cuando se organiz\u00f3 la primera.  La convenci\u00f3n de 2021 ten\u00eda como tema \u00abRescatar a los que perecen; la juventud cat\u00f3lica es la sal y la luz del mundo\u00bb (Mateo 5:13-16) y cont\u00f3 con la participaci\u00f3n de 275 j\u00f3venes de las siguientes parroquias y rectorados: parroquia de San Juan Jamdede (parroquia anfitriona), Rectorado de San Agust\u00edn Jinijini, Parroquia de San Jos\u00e9 Bomaa, parroquia de San Lorenzo Akropong y parroquia de la Reina de la Paz Buipe.<\/p>\n<p>La llegada fue a las 6 de la tarde del viernes 23 de septiembre y todas las parroquias participantes llegaron y se alojaron en el edificio del colegio claretiano de Amankokwaa, en las afueras de Jamdede. Despu\u00e9s de instalarse y cenar, se realiz\u00f3 una sesi\u00f3n de adoraci\u00f3n al Sant\u00edsimo Sacramento, que fue dirigida por los distintos capellanes juveniles claretianos de la misi\u00f3n de Ghana. A las 9:30 pm los participantes se fueron a sus diferentes dormitorios para descansar.<\/p>\n<p>El discurso de apertura fue pronunciado por el Rev. P. Cyriacus Asiegbu, CMF, p\u00e1rroco de la parroquia de San Juan de Jamdede y coordinador de la Misi\u00f3n de Ghana, quien dio la bienvenida a todos, mientras extend\u00eda la c\u00e1lida bienvenida del obispo de la Di\u00f3cesis de Sunyani y los amables saludos del Superior Provincial de la Provincia de los Misioneros Claretianos de East Nigeria. El P. Cyriacus tambi\u00e9n exhort\u00f3 a los j\u00f3venes a no ocultar sus talentos, sino a dejarlos brillar positivamente para el bien com\u00fan. Fue un gran momento para acercar a los j\u00f3venes a conocerlos y para que ellos conozcan mejor a los claretianos mientras caminamos con ellos y les ayudamos a discernir la llamada de Cristo a seguirle.<\/p>\n<p>La charla sobre el tema de la convenci\u00f3n fue pronunciada por el Rev. P. Marcellinus Njeze, CMF, que gir\u00f3 en torno a los \u00edndices de salinidad y ligereza de los cristianos para el mundo, es decir, la vida de contradicci\u00f3n, la vida de oposici\u00f3n y correcci\u00f3n, la vida de total dependencia de Dios, la vida de servicio desinteresado, la vida de direcci\u00f3n y enfoque y, finalmente, la vida de las bienaventuranzas.<\/p>\n<p>A continuaci\u00f3n, tres candidatos de cada parroquia se presentaron al concurso de preguntas y respuestas que se centr\u00f3 en la Biblia (Hechos y G\u00e9nesis), las doctrinas de la Iglesia (Catequesis), la vida de san Antonio Mar\u00eda Claret y conocimientos generales. El concurso fue dirigido por el coordinador de la Juventud Claretiana para la Misi\u00f3n de Ghana, el P. Leka-ire A. B. Henry Mario, CMF, y lo gan\u00f3 el \u00fanico rectorado de las parroquias, el de San Agust\u00edn de Jinijini.<\/p>\n<p>Tambi\u00e9n hubo otras atracciones paralelas que inclu\u00edan juegos de interior y exterior que no eran competitivos, como el oware, el dame, el ludo, el juego de cartas, el f\u00fatbol y el voleibol. Los j\u00f3venes tambi\u00e9n tuvieron una noche social en la que se mostraron varias culturas, teatro, m\u00fasica y danza. Asimismo, hubo una elecci\u00f3n para elegir a los l\u00edderes nacionales que trabajar\u00e1n en colaboraci\u00f3n con el equipo de Juventud y Vocaci\u00f3n durante los pr\u00f3ximos tres a\u00f1os.<\/p>\n<p>El domingo 26 de septiembre se celebr\u00f3 la misa de clausura y de acci\u00f3n de gracias, tras la cual tomaron posesi\u00f3n los miembros del Consejo de la Juventud. En definitiva, fue una bonita experiencia para los participantes, como se reflej\u00f3 en sus rostros. Gracias a Dios por el \u00e9xito del encuentro. Que Dios bendiga a los Misioneros Claretianos, que Dios bendiga a la Pastoral Juvenil Claretiana de Ghana.<\/p>\n<p style=\"text-align: right;\">Compilado por: Rev. P. Leka-ire A. B. Henry Mario, CMF<\/p>\n<p style=\"text-align: right;\">Coordinador de la Juventud Claretiana de la Misi\u00f3n de Ghana<\/p>\n<p>&nbsp;<\/p>\n<p>[envira-gallery id=\u00bb106313&#8243;]<\/p>\n","protected":false},"excerpt":{"rendered":"<p>Berekum, Ghana. El s\u00e1bado 24 al domingo 26 de septiembre de 2021 tuvo lugar la segunda convenci\u00f3n nacional de j\u00e8ovenes en la parroquia de San Juan de Jamdede &#8211; Berekum en la Di\u00f3cesis de Sunyani de Ghana. Los j\u00f3venes claretianos de diversas parroquias se reunieron para participar en la convenci\u00f3n. La convenci\u00f3n de este a\u00f1o [&hellip;]<\/p>\n","protected":false},"author":1,"featured_media":106360,"comment_status":"closed","ping_status":"closed","sticky":false,"template":"","format":"standard","meta":{"_et_pb_use_builder":"","_et_pb_old_content":"","_et_gb_content_width":"","footnotes":""},"categories":[984,409,142,1097,485],"tags":[],"class_list":["post-106375","post","type-post","status-publish","format-standard","has-post-thumbnail","hentry","category-acla-es","category-apostolado","category-east-nigeria-es","category-parroquias","category-pastoral-juvenil-vocacional"],"jetpack_featured_media_url":"https:\/\/i0.wp.com\/www.claret.org\/wp-content\/uploads\/2021\/10\/Portadas-web-GHANA-MISSION-CELEBRATES-2ND-CLARETIAN-NATIONAL-YOUTH-CONVENTION-06102021.png?fit=700%2C400&ssl=1","jetpack_sharing_enabled":true,"jetpack_shortlink":"https:\/\/wp.me\/pdaBmi-rFJ","jetpack_likes_enabled":true,"_links":{"self":[{"href":"https:\/\/www.claret.org\/es\/wp-json\/wp\/v2\/posts\/106375","targetHints":{"allow":["GET"]}}],"collection":[{"href":"https:\/\/www.claret.org\/es\/wp-json\/wp\/v2\/posts"}],"about":[{"href":"https:\/\/www.claret.org\/es\/wp-json\/wp\/v2\/types\/post"}],"author":[{"embeddable":true,"href":"https:\/\/www.claret.org\/es\/wp-json\/wp\/v2\/users\/1"}],"replies":[{"embeddable":true,"href":"https:\/\/www.claret.org\/es\/wp-json\/wp\/v2\/comments?post=106375"}],"version-history":[{"count":0,"href":"https:\/\/www.claret.org\/es\/wp-json\/wp\/v2\/posts\/106375\/revisions"}],"wp:featuredmedia":[{"embeddable":true,"href":"https:\/\/www.claret.org\/es\/wp-json\/wp\/v2\/media\/106360"}],"wp:attachment":[{"href":"https:\/\/www.claret.org\/es\/wp-json\/wp\/v2\/media?parent=106375"}],"wp:term":[{"taxonomy":"category","embeddable":true,"href":"https:\/\/www.claret.org\/es\/wp-json\/wp\/v2\/categories?post=106375"},{"taxonomy":"post_tag","embeddable":true,"href":"https:\/\/www.claret.org\/es\/wp-json\/wp\/v2\/tags?post=106375"}],"curies":[{"name":"wp","href":"https:\/\/api.w.org\/{rel}","templated":true}]}}