{"id":107461,"date":"2021-10-28T09:59:43","date_gmt":"2021-10-28T07:59:43","guid":{"rendered":"https:\/\/www.claret.org\/?p=107461"},"modified":"2021-10-28T10:05:21","modified_gmt":"2021-10-28T08:05:21","slug":"profesion-perpetua-de-votos-en-camerun","status":"publish","type":"post","link":"https:\/\/www.claret.org\/es\/profesion-perpetua-de-votos-en-camerun\/","title":{"rendered":"Profesi\u00f3n de votos perpetuos en Camer\u00fan"},"content":{"rendered":"<p><strong>Tobin, Camer\u00fan<\/strong>. La solemnidad de San Antonio Mar\u00eda Claret con todos los hermanos de las zonas Noroeste y Oeste en la Delegaci\u00f3n Independiente de Camer\u00fan se celebr\u00f3 en una ceremonia especial el 27 de octubre de 2021, en la Parroquia de Nuestra Se\u00f1ora de la Inmaculada Concepci\u00f3n en Tobin en la Di\u00f3cesis de Kumbo; bajo la direcci\u00f3n del Superior Mayor de la Delegaci\u00f3n, el Reverendo Padre Jude Thaddeus Langeh, cmf.<\/p>\n<p>Durante la misa el hermano <strong>Martin Herv\u00e9 Ndi Nkoumou<\/strong> emiti\u00f3 sus votos perpetuos en manos del Padre Jude Thaddeus Lageh, cmf. Durante la ceremonia, record\u00f3 al joven hermano que deb\u00eda permanecer fiel al carisma de la Congregaci\u00f3n y ser obediente al Esp\u00edritu Santo, siguiendo el ejemplo de nuestro Padre Fundador. La ceremonia continu\u00f3 con las celebraciones en el presbiterio donde se prepar\u00f3 una comida que se comparti\u00f3 con los cristianos venidos de diversas partes.<\/p>\n<p>&nbsp;<\/p>\n<p>[envira-gallery id=\u00bb107435&#8243;]<\/p>\n","protected":false},"excerpt":{"rendered":"<p>Tobin, Camer\u00fan. La solemnidad de San Antonio Mar\u00eda Claret con todos los hermanos de las zonas Noroeste y Oeste en la Delegaci\u00f3n Independiente de Camer\u00fan se celebr\u00f3 en una ceremonia especial el 27 de octubre de 2021, en la Parroquia de Nuestra Se\u00f1ora de la Inmaculada Concepci\u00f3n en Tobin en la Di\u00f3cesis de Kumbo; bajo [&hellip;]<\/p>\n","protected":false},"author":1,"featured_media":107434,"comment_status":"closed","ping_status":"closed","sticky":false,"template":"","format":"standard","meta":{"_et_pb_use_builder":"","_et_pb_old_content":"","_et_gb_content_width":"","footnotes":""},"categories":[984,132,578],"tags":[],"class_list":["post-107461","post","type-post","status-publish","format-standard","has-post-thumbnail","hentry","category-acla-es","category-cameroun-es","category-profesiones"],"jetpack_featured_media_url":"https:\/\/i0.wp.com\/www.claret.org\/wp-content\/uploads\/2021\/10\/Portadas-web-Perpetual-Profession-of-Vows-in-Cameroon-28102021.png?fit=700%2C400&ssl=1","jetpack_sharing_enabled":true,"jetpack_shortlink":"https:\/\/wp.me\/pdaBmi-rXf","jetpack_likes_enabled":true,"_links":{"self":[{"href":"https:\/\/www.claret.org\/es\/wp-json\/wp\/v2\/posts\/107461","targetHints":{"allow":["GET"]}}],"collection":[{"href":"https:\/\/www.claret.org\/es\/wp-json\/wp\/v2\/posts"}],"about":[{"href":"https:\/\/www.claret.org\/es\/wp-json\/wp\/v2\/types\/post"}],"author":[{"embeddable":true,"href":"https:\/\/www.claret.org\/es\/wp-json\/wp\/v2\/users\/1"}],"replies":[{"embeddable":true,"href":"https:\/\/www.claret.org\/es\/wp-json\/wp\/v2\/comments?post=107461"}],"version-history":[{"count":0,"href":"https:\/\/www.claret.org\/es\/wp-json\/wp\/v2\/posts\/107461\/revisions"}],"wp:featuredmedia":[{"embeddable":true,"href":"https:\/\/www.claret.org\/es\/wp-json\/wp\/v2\/media\/107434"}],"wp:attachment":[{"href":"https:\/\/www.claret.org\/es\/wp-json\/wp\/v2\/media?parent=107461"}],"wp:term":[{"taxonomy":"category","embeddable":true,"href":"https:\/\/www.claret.org\/es\/wp-json\/wp\/v2\/categories?post=107461"},{"taxonomy":"post_tag","embeddable":true,"href":"https:\/\/www.claret.org\/es\/wp-json\/wp\/v2\/tags?post=107461"}],"curies":[{"name":"wp","href":"https:\/\/api.w.org\/{rel}","templated":true}]}}