{"id":108347,"date":"2021-11-23T17:01:20","date_gmt":"2021-11-23T16:01:20","guid":{"rendered":"https:\/\/www.claret.org\/?p=108347"},"modified":"2021-11-23T17:03:23","modified_gmt":"2021-11-23T16:03:23","slug":"fiesta-de-san-claret-y-dia-del-deporte-en-el-colegio-san-claret","status":"publish","type":"post","link":"https:\/\/www.claret.org\/es\/fiesta-de-san-claret-y-dia-del-deporte-en-el-colegio-san-claret\/","title":{"rendered":"Fiesta de San Claret y D\u00eda del Deporte en el Colegio San Claret"},"content":{"rendered":"<p><strong>Michungwani, Dar, Tanzania<\/strong>. No fue un d\u00eda m\u00e1s, sino uno especial para el colegio de preescolar y primaria Saint Claret de Michungwani, Dar, Tanzania, ya que se celebr\u00f3 la fiesta patronal del colegio (San Antonio Mar\u00eda Claret).<\/p>\n<p>El d\u00eda fue realmente colorido y hermoso, comenz\u00f3 con la celebraci\u00f3n de la eucarist\u00eda a las 8:30 a.m., seguida de una pausa para el t\u00e9. A continuaci\u00f3n, comenzaron las competiciones deportivas por clases. \u00a1Fue un espect\u00e1culo precioso ver a los ni\u00f1os de infantil y primaria competir con entusiasmo! El campo de deportes ten\u00eda un aspecto muy colorido, ya que todos los alumnos iban en ch\u00e1ndal.<\/p>\n<p>Despu\u00e9s de un almuerzo festivo a la 1 de la tarde, el personal docente y no docente tuvo sus competiciones. Enhorabuena a todos los organizadores, al personal y a los alumnos.<\/p>\n<p>&nbsp;<\/p>\n<p>[envira-gallery id=\u00bb108315&#8243;]<\/p>\n","protected":false},"excerpt":{"rendered":"<p>Michungwani, Dar, Tanzania. No fue un d\u00eda m\u00e1s, sino uno especial para el colegio de preescolar y primaria Saint Claret de Michungwani, Dar, Tanzania, ya que se celebr\u00f3 la fiesta patronal del colegio (San Antonio Mar\u00eda Claret). El d\u00eda fue realmente colorido y hermoso, comenz\u00f3 con la celebraci\u00f3n de la eucarist\u00eda a las 8:30 a.m., [&hellip;]<\/p>\n","protected":false},"author":1,"featured_media":108314,"comment_status":"closed","ping_status":"closed","sticky":false,"template":"","format":"standard","meta":{"_et_pb_use_builder":"","_et_pb_old_content":"","_et_gb_content_width":"","footnotes":""},"categories":[422,184],"tags":[],"class_list":["post-108347","post","type-post","status-publish","format-standard","has-post-thumbnail","hentry","category-pastoral-educativa","category-st-charles-lwanga-es"],"jetpack_featured_media_url":"https:\/\/i0.wp.com\/www.claret.org\/wp-content\/uploads\/2021\/11\/Portada-web-Michungwani-Dar-Tanzania2021.png?fit=700%2C400&ssl=1","jetpack_sharing_enabled":true,"jetpack_shortlink":"https:\/\/wp.me\/pdaBmi-sbx","jetpack_likes_enabled":true,"_links":{"self":[{"href":"https:\/\/www.claret.org\/es\/wp-json\/wp\/v2\/posts\/108347","targetHints":{"allow":["GET"]}}],"collection":[{"href":"https:\/\/www.claret.org\/es\/wp-json\/wp\/v2\/posts"}],"about":[{"href":"https:\/\/www.claret.org\/es\/wp-json\/wp\/v2\/types\/post"}],"author":[{"embeddable":true,"href":"https:\/\/www.claret.org\/es\/wp-json\/wp\/v2\/users\/1"}],"replies":[{"embeddable":true,"href":"https:\/\/www.claret.org\/es\/wp-json\/wp\/v2\/comments?post=108347"}],"version-history":[{"count":0,"href":"https:\/\/www.claret.org\/es\/wp-json\/wp\/v2\/posts\/108347\/revisions"}],"wp:featuredmedia":[{"embeddable":true,"href":"https:\/\/www.claret.org\/es\/wp-json\/wp\/v2\/media\/108314"}],"wp:attachment":[{"href":"https:\/\/www.claret.org\/es\/wp-json\/wp\/v2\/media?parent=108347"}],"wp:term":[{"taxonomy":"category","embeddable":true,"href":"https:\/\/www.claret.org\/es\/wp-json\/wp\/v2\/categories?post=108347"},{"taxonomy":"post_tag","embeddable":true,"href":"https:\/\/www.claret.org\/es\/wp-json\/wp\/v2\/tags?post=108347"}],"curies":[{"name":"wp","href":"https:\/\/api.w.org\/{rel}","templated":true}]}}