{"id":109113,"date":"2021-12-10T10:27:18","date_gmt":"2021-12-10T09:27:18","guid":{"rendered":"https:\/\/www.claret.org\/?p=109113"},"modified":"2021-12-10T10:27:18","modified_gmt":"2021-12-10T09:27:18","slug":"provincia-de-colombia-oriental-y-ecuador","status":"publish","type":"post","link":"https:\/\/www.claret.org\/es\/provincia-de-colombia-oriental-y-ecuador\/","title":{"rendered":"PROVINCIA DE COLOMBIA ORIENTAL Y ECUADOR"},"content":{"rendered":"<p style=\"text-align: justify;\"><strong>XVIII ASAMBLEA PASTORAL<\/strong><\/p>\n<p style=\"text-align: justify;\"><strong>06 -08 de diciembre de 2021<\/strong><\/p>\n<p style=\"text-align: justify;\"><strong>Sasaima, Cundinamarca<\/strong><\/p>\n<p style=\"text-align: justify;\">Arraigados en Cristo y audaces en la misi\u00f3n, religiosos y laicos claretianos (87 personas), nos congregamos en la XVIII asamblea pastoral, del 6 al 8 de diciembre en Sasaima Colombia. El verdor de las monta\u00f1as, el olor a campi\u00f1a silvestre se convirti\u00f3 en el marco natural que Dios nos ofreci\u00f3 como regalo para nuestro fraterno encuentro.<\/p>\n<p style=\"text-align: justify;\">Desde la metodolog\u00eda de la indagaci\u00f3n apreciativa fuimos construyendo nuestro caminar, las conversaciones en cada una de las estructuras, \u00e1reas y comunidades locales nos permiti\u00f3 valorar el trabajo misionero. La fase del descubrir, So\u00f1ar, dise\u00f1ar y comprometernos ilumino nuestras jornadas. Se revis\u00f3 en grupos de \u00e1reas y estructuras el camino recorrido, logros, desaf\u00edos y sugerencias construyendo juntos los sue\u00f1os que revisten nuestro compromiso de ser cristinos comprometidos en la construcci\u00f3n de Reino al estilo de San Antonio Mar\u00eda Claret.<\/p>\n<p style=\"text-align: justify;\"><a href=\"https:\/\/i0.wp.com\/www.claret.org\/wp-content\/uploads\/2021\/12\/IMG-20211208-WA0033-Colombia-Assembly-5.png?ssl=1\"><img data-recalc-dims=\"1\" loading=\"lazy\" decoding=\"async\" data-attachment-id=\"109059\" data-permalink=\"https:\/\/www.claret.org\/es\/?attachment_id=109059\" data-orig-file=\"https:\/\/i0.wp.com\/www.claret.org\/wp-content\/uploads\/2021\/12\/IMG-20211208-WA0033-Colombia-Assembly-5.png?fit=1280%2C957&amp;ssl=1\" data-orig-size=\"1280,957\" data-comments-opened=\"0\" data-image-meta=\"{&quot;aperture&quot;:&quot;0&quot;,&quot;credit&quot;:&quot;&quot;,&quot;camera&quot;:&quot;&quot;,&quot;caption&quot;:&quot;&quot;,&quot;created_timestamp&quot;:&quot;0&quot;,&quot;copyright&quot;:&quot;&quot;,&quot;focal_length&quot;:&quot;0&quot;,&quot;iso&quot;:&quot;0&quot;,&quot;shutter_speed&quot;:&quot;0&quot;,&quot;title&quot;:&quot;&quot;,&quot;orientation&quot;:&quot;0&quot;}\" data-image-title=\"IMG-20211208-WA0033-Colombia-Assembly-5\" data-image-description=\"\" data-image-caption=\"\" data-large-file=\"https:\/\/i0.wp.com\/www.claret.org\/wp-content\/uploads\/2021\/12\/IMG-20211208-WA0033-Colombia-Assembly-5.png?fit=1024%2C766&amp;ssl=1\" class=\"size-medium wp-image-109059 alignleft\" src=\"https:\/\/i0.wp.com\/www.claret.org\/wp-content\/uploads\/2021\/12\/IMG-20211208-WA0033-Colombia-Assembly-5.png?resize=300%2C224&#038;ssl=1\" alt=\"\" width=\"300\" height=\"224\" title=\"\" srcset=\"https:\/\/i0.wp.com\/www.claret.org\/wp-content\/uploads\/2021\/12\/IMG-20211208-WA0033-Colombia-Assembly-5.png?resize=300%2C224&amp;ssl=1 300w, https:\/\/i0.wp.com\/www.claret.org\/wp-content\/uploads\/2021\/12\/IMG-20211208-WA0033-Colombia-Assembly-5.png?resize=1024%2C766&amp;ssl=1 1024w, https:\/\/i0.wp.com\/www.claret.org\/wp-content\/uploads\/2021\/12\/IMG-20211208-WA0033-Colombia-Assembly-5.png?resize=768%2C574&amp;ssl=1 768w, https:\/\/i0.wp.com\/www.claret.org\/wp-content\/uploads\/2021\/12\/IMG-20211208-WA0033-Colombia-Assembly-5.png?resize=1080%2C807&amp;ssl=1 1080w, https:\/\/i0.wp.com\/www.claret.org\/wp-content\/uploads\/2021\/12\/IMG-20211208-WA0033-Colombia-Assembly-5.png?w=1280&amp;ssl=1 1280w\" sizes=\"(max-width: 300px) 100vw, 300px\" \/><\/a>La presencia del P. Henry OMONISAYE, cmf, (Vicario General, prefecto general de biblia y comunicaci\u00f3n, y delegado por el Superior General para ser el Presidente del XVI Capitulo provincial) enriqueci\u00f3 con sus orientaciones la asamblea provincial. Nos ilumino con el tema: Servicio misionero a la luz de la sinodalidad: Audaces y Arraigados. Su presencia es un signo de comuni\u00f3n con la congregaci\u00f3n y est\u00edmulo para avanzar en nuestra misi\u00f3n.<\/p>\n<p style=\"text-align: justify;\">Nos queda resonando las palabras del Papa Francisco, en la conversaci\u00f3n con el cap\u00edtulo general\u2026\u201d<strong><em> debemos ser testigos y adoradores\u201d, llamados a tener: proximidad, compasi\u00f3n y ternura&#8230;<\/em><\/strong><\/p>\n<p style=\"text-align: justify;\">La experiencia vivida durante estos d\u00edas, nos permite avanzar a nuestro cap\u00edtulo provincial, con la confianza de haber construido sinodalmente algunas l\u00edneas que nos ayudar\u00e1n a seguir so\u00f1ando nuestra provincia de   Colombia Oriental y Ecuador.<\/p>\n<p style=\"text-align: justify;\">Agradecemos a Dios, al Coraz\u00f3n de Mar\u00eda y a nuestro fundador San Antonio Mar\u00eda Claret, por iluminar y sostener nuestro camino a lo largo de este tiempo, a ellos encomendamos toda la labor misionera, nuestros sue\u00f1os y compromisos para seguir estando arraigados en Cristo y siendo Audaces en la misi\u00f3n.<\/p>\n<p style=\"text-align: justify;\"><strong><em>Enrique Aponte, cmf<\/em><\/strong><\/p>\n<p style=\"text-align: justify;\"><strong><em>Prefecto de Apostolado<\/em><\/strong><\/p>\n<p>&nbsp;<\/p>\n<p>&nbsp;<\/p>\n<p>[envira-gallery id=\u00bb109034&#8243;]<\/p>\n","protected":false},"excerpt":{"rendered":"<p>XVIII ASAMBLEA PASTORAL 06 -08 de diciembre de 2021 Sasaima, Cundinamarca Arraigados en Cristo y audaces en la misi\u00f3n, religiosos y laicos claretianos (87 personas), nos congregamos en la XVIII asamblea pastoral, del 6 al 8 de diciembre en Sasaima Colombia. El verdor de las monta\u00f1as, el olor a campi\u00f1a silvestre se convirti\u00f3 en el [&hellip;]<\/p>\n","protected":false},"author":183,"featured_media":109115,"comment_status":"closed","ping_status":"closed","sticky":false,"template":"","format":"standard","meta":{"_et_pb_use_builder":"","_et_pb_old_content":"","_et_gb_content_width":"","footnotes":""},"categories":[378,533,356],"tags":[],"class_list":["post-109113","post","type-post","status-publish","format-standard","has-post-thumbnail","hentry","category-colombia-oriental-ecuador-es","category-la-congregacion","category-micla-es"],"jetpack_featured_media_url":"https:\/\/i0.wp.com\/www.claret.org\/wp-content\/uploads\/2021\/12\/IMG-20211208-WA0065-1-rotated.jpg?fit=1280%2C757&ssl=1","jetpack_sharing_enabled":true,"jetpack_shortlink":"https:\/\/wp.me\/pdaBmi-snT","jetpack_likes_enabled":true,"_links":{"self":[{"href":"https:\/\/www.claret.org\/es\/wp-json\/wp\/v2\/posts\/109113","targetHints":{"allow":["GET"]}}],"collection":[{"href":"https:\/\/www.claret.org\/es\/wp-json\/wp\/v2\/posts"}],"about":[{"href":"https:\/\/www.claret.org\/es\/wp-json\/wp\/v2\/types\/post"}],"author":[{"embeddable":true,"href":"https:\/\/www.claret.org\/es\/wp-json\/wp\/v2\/users\/183"}],"replies":[{"embeddable":true,"href":"https:\/\/www.claret.org\/es\/wp-json\/wp\/v2\/comments?post=109113"}],"version-history":[{"count":0,"href":"https:\/\/www.claret.org\/es\/wp-json\/wp\/v2\/posts\/109113\/revisions"}],"wp:featuredmedia":[{"embeddable":true,"href":"https:\/\/www.claret.org\/es\/wp-json\/wp\/v2\/media\/109115"}],"wp:attachment":[{"href":"https:\/\/www.claret.org\/es\/wp-json\/wp\/v2\/media?parent=109113"}],"wp:term":[{"taxonomy":"category","embeddable":true,"href":"https:\/\/www.claret.org\/es\/wp-json\/wp\/v2\/categories?post=109113"},{"taxonomy":"post_tag","embeddable":true,"href":"https:\/\/www.claret.org\/es\/wp-json\/wp\/v2\/tags?post=109113"}],"curies":[{"name":"wp","href":"https:\/\/api.w.org\/{rel}","templated":true}]}}