{"id":109303,"date":"2021-12-11T22:22:05","date_gmt":"2021-12-11T21:22:05","guid":{"rendered":"https:\/\/www.claret.org\/?p=109303"},"modified":"2021-12-14T08:50:35","modified_gmt":"2021-12-14T07:50:35","slug":"eleccion-del-superior-provincial-provincia-de-colombia-oriental-y-ecuador","status":"publish","type":"post","link":"https:\/\/www.claret.org\/es\/eleccion-del-superior-provincial-provincia-de-colombia-oriental-y-ecuador\/","title":{"rendered":"ELECCI\u00d3N DEL SUPERIOR PROVINCIAL &#8211; PROVINCIA DE COLOMBIA ORIENTAL Y ECUADOR"},"content":{"rendered":"<p style=\"text-align: justify;\">Hoy, 11 de diciembre de 2021, los miembros de la Provincia de Colombia y Ecuador entraron en la fase de elecci\u00f3n de su XVI Cap\u00edtulo Provincial despu\u00e9s de la celebraci\u00f3n de la Eucarist\u00eda y la aprobaci\u00f3n de los sue\u00f1os para la provincia. Se ley\u00f3 el reglamento y se hicieron las votaciones respectivas, quedando como <strong>SUPERIOR PROVINCIAL, EL P. JOSU\u00c9 GONZ\u00c1LEZ JARAMILLO, CMF,<\/strong> por un trienio.<\/p>\n<p style=\"text-align: justify;\">Felicitamos a todos los miembros de la provincia y rezamos por ellos, especialmente por el P. Josu\u00e9 Gonz\u00e1lez Jaramillo, Cmf, mientras contin\u00faa la tarea de guiar a la provincia en los sue\u00f1os, dise\u00f1os y compromisos que la Congregaci\u00f3n ha elegido para los pr\u00f3ximos a\u00f1os.<\/p>\n","protected":false},"excerpt":{"rendered":"<p>Hoy, 11 de diciembre de 2021, los miembros de la Provincia de Colombia y Ecuador entraron en la fase de elecci\u00f3n de su XVI Cap\u00edtulo Provincial despu\u00e9s de la celebraci\u00f3n de la Eucarist\u00eda y la aprobaci\u00f3n de los sue\u00f1os para la provincia. Se ley\u00f3 el reglamento y se hicieron las votaciones respectivas, quedando como SUPERIOR [&hellip;]<\/p>\n","protected":false},"author":183,"featured_media":109293,"comment_status":"closed","ping_status":"closed","sticky":false,"template":"","format":"standard","meta":{"_et_pb_use_builder":"","_et_pb_old_content":"","_et_gb_content_width":"","footnotes":""},"categories":[378,533,356],"tags":[],"class_list":["post-109303","post","type-post","status-publish","format-standard","has-post-thumbnail","hentry","category-colombia-oriental-ecuador-es","category-la-congregacion","category-micla-es"],"jetpack_featured_media_url":"https:\/\/i0.wp.com\/www.claret.org\/wp-content\/uploads\/2021\/12\/superior-provincial.png?fit=1414%2C2000&ssl=1","jetpack_sharing_enabled":true,"jetpack_shortlink":"https:\/\/wp.me\/pdaBmi-sqX","jetpack_likes_enabled":true,"_links":{"self":[{"href":"https:\/\/www.claret.org\/es\/wp-json\/wp\/v2\/posts\/109303","targetHints":{"allow":["GET"]}}],"collection":[{"href":"https:\/\/www.claret.org\/es\/wp-json\/wp\/v2\/posts"}],"about":[{"href":"https:\/\/www.claret.org\/es\/wp-json\/wp\/v2\/types\/post"}],"author":[{"embeddable":true,"href":"https:\/\/www.claret.org\/es\/wp-json\/wp\/v2\/users\/183"}],"replies":[{"embeddable":true,"href":"https:\/\/www.claret.org\/es\/wp-json\/wp\/v2\/comments?post=109303"}],"version-history":[{"count":0,"href":"https:\/\/www.claret.org\/es\/wp-json\/wp\/v2\/posts\/109303\/revisions"}],"wp:featuredmedia":[{"embeddable":true,"href":"https:\/\/www.claret.org\/es\/wp-json\/wp\/v2\/media\/109293"}],"wp:attachment":[{"href":"https:\/\/www.claret.org\/es\/wp-json\/wp\/v2\/media?parent=109303"}],"wp:term":[{"taxonomy":"category","embeddable":true,"href":"https:\/\/www.claret.org\/es\/wp-json\/wp\/v2\/categories?post=109303"},{"taxonomy":"post_tag","embeddable":true,"href":"https:\/\/www.claret.org\/es\/wp-json\/wp\/v2\/tags?post=109303"}],"curies":[{"name":"wp","href":"https:\/\/api.w.org\/{rel}","templated":true}]}}