{"id":110211,"date":"2021-12-31T19:10:05","date_gmt":"2021-12-31T18:10:05","guid":{"rendered":"https:\/\/www.claret.org\/?p=110211"},"modified":"2021-12-31T21:16:49","modified_gmt":"2021-12-31T20:16:49","slug":"claretianos-en-camerun-dan-bienvenidos-a-cuatro-nuevos-sacerdotes","status":"publish","type":"post","link":"https:\/\/www.claret.org\/es\/claretianos-en-camerun-dan-bienvenidos-a-cuatro-nuevos-sacerdotes\/","title":{"rendered":"CLARETIANOS EN CAMER\u00daN DAN BIENVENIDOS A CUATRO NUEVOS SACERDOTES"},"content":{"rendered":"<p style=\"text-align: justify;\">El mi\u00e9rcoles 29 de diciembre en la parroquia: Nuestra Se\u00f1ora de los Siete Dolores en Akono, en la Arquidi\u00f3cesis de Yaund\u00e9, los misioneros claretianos experimentaron la alegr\u00eda del nacimiento sacerdotal con la ordenaci\u00f3n de los cuatro nuevos sacerdotes: los padres &#8211; <strong>Annasetus Awuntuh Chuo, Apollinaire Achile Aba, Joseph Marie Brice Belinga y Philippe Christian Fozin, cmff<\/strong>. Fueron ordenados por el arzobispo Metropolitano de Yaund\u00e9, Su Excelencia Mons. Jean Mbarga. \u00c9l exhort\u00f3 durante la celebraci\u00f3n a los sacerdotes reci\u00e9n ordenados a estar disponibles y ser capaces de afrontar los retos claretianos del d\u00eda en el anuncio de la palabra de Dios. Las diferentes familias de los ordenados compartieron juntas el momento, con el esp\u00edritu de alegr\u00eda.<\/p>\n<p style=\"text-align: justify;\">Fue un \u201cd\u00eda especial de gracia\u201d en la Delegaci\u00f3n, seg\u00fan las palabras del Superior Mayor, el Padre Jude Thaddeus Langeh cmf, quien no dej\u00f3 de expresar su agradecimiento al Se\u00f1or y a todos los que vinieron de todas partes de Camer\u00fan.<\/p>\n<p style=\"text-align: justify;\">\n<p>[envira-gallery id=\u00bb110063&#8243;]<\/p>\n","protected":false},"excerpt":{"rendered":"<p>El mi\u00e9rcoles 29 de diciembre en la parroquia: Nuestra Se\u00f1ora de los Siete Dolores en Akono, en la Arquidi\u00f3cesis de Yaund\u00e9, los misioneros claretianos experimentaron la alegr\u00eda del nacimiento sacerdotal con la ordenaci\u00f3n de los cuatro nuevos sacerdotes: los padres &#8211; Annasetus Awuntuh Chuo, Apollinaire Achile Aba, Joseph Marie Brice Belinga y Philippe Christian Fozin, [&hellip;]<\/p>\n","protected":false},"author":183,"featured_media":110189,"comment_status":"closed","ping_status":"closed","sticky":false,"template":"","format":"standard","meta":{"_et_pb_use_builder":"","_et_pb_old_content":"","_et_gb_content_width":"","footnotes":""},"categories":[984,132,533],"tags":[],"class_list":["post-110211","post","type-post","status-publish","format-standard","has-post-thumbnail","hentry","category-acla-es","category-cameroun-es","category-la-congregacion"],"jetpack_featured_media_url":"https:\/\/i0.wp.com\/www.claret.org\/wp-content\/uploads\/2021\/12\/Cameroon-5-1.png?fit=690%2C354&ssl=1","jetpack_sharing_enabled":true,"jetpack_shortlink":"https:\/\/wp.me\/pdaBmi-sFB","jetpack_likes_enabled":true,"_links":{"self":[{"href":"https:\/\/www.claret.org\/es\/wp-json\/wp\/v2\/posts\/110211","targetHints":{"allow":["GET"]}}],"collection":[{"href":"https:\/\/www.claret.org\/es\/wp-json\/wp\/v2\/posts"}],"about":[{"href":"https:\/\/www.claret.org\/es\/wp-json\/wp\/v2\/types\/post"}],"author":[{"embeddable":true,"href":"https:\/\/www.claret.org\/es\/wp-json\/wp\/v2\/users\/183"}],"replies":[{"embeddable":true,"href":"https:\/\/www.claret.org\/es\/wp-json\/wp\/v2\/comments?post=110211"}],"version-history":[{"count":0,"href":"https:\/\/www.claret.org\/es\/wp-json\/wp\/v2\/posts\/110211\/revisions"}],"wp:featuredmedia":[{"embeddable":true,"href":"https:\/\/www.claret.org\/es\/wp-json\/wp\/v2\/media\/110189"}],"wp:attachment":[{"href":"https:\/\/www.claret.org\/es\/wp-json\/wp\/v2\/media?parent=110211"}],"wp:term":[{"taxonomy":"category","embeddable":true,"href":"https:\/\/www.claret.org\/es\/wp-json\/wp\/v2\/categories?post=110211"},{"taxonomy":"post_tag","embeddable":true,"href":"https:\/\/www.claret.org\/es\/wp-json\/wp\/v2\/tags?post=110211"}],"curies":[{"name":"wp","href":"https:\/\/api.w.org\/{rel}","templated":true}]}}