{"id":111363,"date":"2022-02-01T22:29:42","date_gmt":"2022-02-01T21:29:42","guid":{"rendered":"https:\/\/www.claret.org\/?p=111363"},"modified":"2022-02-01T22:29:42","modified_gmt":"2022-02-01T21:29:42","slug":"la-delegacion-de-antillas-inicia-el-camino-de-preparacion-hacia-su-viii-asamblea-general-ordinaria","status":"publish","type":"post","link":"https:\/\/www.claret.org\/es\/la-delegacion-de-antillas-inicia-el-camino-de-preparacion-hacia-su-viii-asamblea-general-ordinaria\/","title":{"rendered":"La Delegaci\u00f3n de Antillas inicia el camino de preparaci\u00f3n hacia su VIII Asamblea General Ordinaria"},"content":{"rendered":"<p><strong>Bayam\u00f3n, Puerto Rico.<\/strong> La Delegaci\u00f3n de Antillas ha celebrado una reuni\u00f3n online, el d\u00eda 31 de enero de 2022, con todos los miembros de la Delegaci\u00f3n, para dar a conocer y echar andar el itinerario de preparaci\u00f3n hacia la VIII Asamblea General Ordinaria de la Delegaci\u00f3n que se celebrar\u00e1 entre los d\u00edas 16 y 21 de mayo de 2022 en Rep\u00fablica Dominicana. El encuentro ha sido convocado y guiado por el Gobierno de la Delegaci\u00f3n, el P. Fausto Cruz Rosa, Superior Mayor, y los PP. Demuel Tav\u00e1rez, Prefecto de Apostolado y Jairo Antonio P\u00e9rez, Prefecto de Econom\u00eda. Durante la reuni\u00f3n, nos han acompa\u00f1ado dos miembros del Gobierno General, los PP. Pedro Belderrain Belderrain y Carlos S\u00e1nchez Miranda, quienes no solo han dirigido unas palabras de \u00e1nimo a los presentes, sino que tambi\u00e9n, previo a la Asamblea llegar\u00e1n a Antillas para realizar una visita de animaci\u00f3n misionera por los frentes de misi\u00f3n que componen el Organismo y luego, participar\u00e1n presidiendo y acompa\u00f1ando la Asamblea.<\/p>\n<p><img data-recalc-dims=\"1\" loading=\"lazy\" decoding=\"async\" data-attachment-id=\"111376\" data-permalink=\"https:\/\/www.claret.org\/es\/la-delegacion-de-antillas-inicia-el-camino-de-preparacion-hacia-su-viii-asamblea-general-ordinaria\/imagen-01\/\" data-orig-file=\"https:\/\/i0.wp.com\/www.claret.org\/wp-content\/uploads\/2022\/02\/IMAGEN-01.png?fit=1428%2C890&amp;ssl=1\" data-orig-size=\"1428,890\" data-comments-opened=\"0\" data-image-meta=\"{&quot;aperture&quot;:&quot;0&quot;,&quot;credit&quot;:&quot;&quot;,&quot;camera&quot;:&quot;&quot;,&quot;caption&quot;:&quot;&quot;,&quot;created_timestamp&quot;:&quot;0&quot;,&quot;copyright&quot;:&quot;&quot;,&quot;focal_length&quot;:&quot;0&quot;,&quot;iso&quot;:&quot;0&quot;,&quot;shutter_speed&quot;:&quot;0&quot;,&quot;title&quot;:&quot;&quot;,&quot;orientation&quot;:&quot;0&quot;}\" data-image-title=\"IMAGEN 01\" data-image-description=\"\" data-image-caption=\"\" data-large-file=\"https:\/\/i0.wp.com\/www.claret.org\/wp-content\/uploads\/2022\/02\/IMAGEN-01.png?fit=1024%2C638&amp;ssl=1\" class=\"alignnone size-full wp-image-111376\" src=\"https:\/\/i0.wp.com\/www.claret.org\/wp-content\/uploads\/2022\/02\/IMAGEN-01.png?resize=1080%2C673&#038;ssl=1\" alt=\"\" width=\"1080\" height=\"673\" title=\"\" srcset=\"https:\/\/i0.wp.com\/www.claret.org\/wp-content\/uploads\/2022\/02\/IMAGEN-01.png?w=1428&amp;ssl=1 1428w, https:\/\/i0.wp.com\/www.claret.org\/wp-content\/uploads\/2022\/02\/IMAGEN-01.png?resize=300%2C187&amp;ssl=1 300w, https:\/\/i0.wp.com\/www.claret.org\/wp-content\/uploads\/2022\/02\/IMAGEN-01.png?resize=1024%2C638&amp;ssl=1 1024w, https:\/\/i0.wp.com\/www.claret.org\/wp-content\/uploads\/2022\/02\/IMAGEN-01.png?resize=768%2C479&amp;ssl=1 768w, https:\/\/i0.wp.com\/www.claret.org\/wp-content\/uploads\/2022\/02\/IMAGEN-01.png?resize=400%2C250&amp;ssl=1 400w, https:\/\/i0.wp.com\/www.claret.org\/wp-content\/uploads\/2022\/02\/IMAGEN-01.png?resize=1080%2C673&amp;ssl=1 1080w\" sizes=\"(max-width: 1080px) 100vw, 1080px\" \/><\/p>\n<p>En la preparaci\u00f3n y celebraci\u00f3n de la Asamblea, la Delegaci\u00f3n en comuni\u00f3n con toda la Congregaci\u00f3n, acoge y hace suyo el modelo propuesto en el reci\u00e9n concluido XXVI Cap\u00edtulo General. Es decir, la propuesta de itinerario es que todos los miembros del Organismo, participen activamente y entren en el proceso de descubrir, so\u00f1ar, elegir, dise\u00f1ar y comprometerse. El camino de preparaci\u00f3n estructurado, se desarrollar\u00e1 en varias etapas: de sensibilizaci\u00f3n, de consulta y participaci\u00f3n y finalmente de organizaci\u00f3n y preparaci\u00f3n inmediata. Para la etapa de sensibilizaci\u00f3n, consulta y participaci\u00f3n, el Gobierno ha propuesto las siguientes actividades: ejercicios espirituales por Islas, cosecha personal (reflexi\u00f3n personal), conversaci\u00f3n en la comunidad local y conversaciones por Islas.<\/p>\n<p>De cara al camino de preparaci\u00f3n, se ha dado a conocer el logo y lema que animar\u00e1 el camino: \u201cDelegaci\u00f3n en salida, arraigados y audaces en la misi\u00f3n\u201d, como tambi\u00e9n, la oraci\u00f3n preparatoria, la conformaci\u00f3n de varias comisiones que ayudar\u00e1n en el camino, y finalmente, la invitaci\u00f3n dirigida a los estudiantes claretianos en su \u00faltimo a\u00f1o de teolog\u00eda y a algunos laicos con los que compartimos la misi\u00f3n para que participen en el camino y en los d\u00edas de celebraci\u00f3n de la Asamblea.<\/p>\n<p><img data-recalc-dims=\"1\" loading=\"lazy\" decoding=\"async\" data-attachment-id=\"111382\" data-permalink=\"https:\/\/www.claret.org\/es\/la-delegacion-de-antillas-inicia-el-camino-de-preparacion-hacia-su-viii-asamblea-general-ordinaria\/an-20220201-6\/\" data-orig-file=\"https:\/\/i0.wp.com\/www.claret.org\/wp-content\/uploads\/2022\/02\/AN-20220201-6.png?fit=1906%2C992&amp;ssl=1\" data-orig-size=\"1906,992\" data-comments-opened=\"0\" data-image-meta=\"{&quot;aperture&quot;:&quot;0&quot;,&quot;credit&quot;:&quot;&quot;,&quot;camera&quot;:&quot;&quot;,&quot;caption&quot;:&quot;&quot;,&quot;created_timestamp&quot;:&quot;0&quot;,&quot;copyright&quot;:&quot;&quot;,&quot;focal_length&quot;:&quot;0&quot;,&quot;iso&quot;:&quot;0&quot;,&quot;shutter_speed&quot;:&quot;0&quot;,&quot;title&quot;:&quot;&quot;,&quot;orientation&quot;:&quot;0&quot;}\" data-image-title=\"AN-20220201 (6)\" data-image-description=\"\" data-image-caption=\"\" data-large-file=\"https:\/\/i0.wp.com\/www.claret.org\/wp-content\/uploads\/2022\/02\/AN-20220201-6.png?fit=1024%2C533&amp;ssl=1\" class=\"alignnone size-full wp-image-111382\" src=\"https:\/\/i0.wp.com\/www.claret.org\/wp-content\/uploads\/2022\/02\/AN-20220201-6.png?resize=1080%2C562&#038;ssl=1\" alt=\"\" width=\"1080\" height=\"562\" title=\"\" srcset=\"https:\/\/i0.wp.com\/www.claret.org\/wp-content\/uploads\/2022\/02\/AN-20220201-6.png?w=1906&amp;ssl=1 1906w, https:\/\/i0.wp.com\/www.claret.org\/wp-content\/uploads\/2022\/02\/AN-20220201-6.png?resize=300%2C156&amp;ssl=1 300w, https:\/\/i0.wp.com\/www.claret.org\/wp-content\/uploads\/2022\/02\/AN-20220201-6.png?resize=1024%2C533&amp;ssl=1 1024w, https:\/\/i0.wp.com\/www.claret.org\/wp-content\/uploads\/2022\/02\/AN-20220201-6.png?resize=768%2C400&amp;ssl=1 768w, https:\/\/i0.wp.com\/www.claret.org\/wp-content\/uploads\/2022\/02\/AN-20220201-6.png?resize=1536%2C799&amp;ssl=1 1536w, https:\/\/i0.wp.com\/www.claret.org\/wp-content\/uploads\/2022\/02\/AN-20220201-6.png?resize=1080%2C562&amp;ssl=1 1080w\" sizes=\"(max-width: 1080px) 100vw, 1080px\" \/> <img data-recalc-dims=\"1\" loading=\"lazy\" decoding=\"async\" data-attachment-id=\"111388\" data-permalink=\"https:\/\/www.claret.org\/es\/la-delegacion-de-antillas-inicia-el-camino-de-preparacion-hacia-su-viii-asamblea-general-ordinaria\/an-20220201-2\/\" data-orig-file=\"https:\/\/i0.wp.com\/www.claret.org\/wp-content\/uploads\/2022\/02\/AN-20220201-2.png?fit=1440%2C1442&amp;ssl=1\" data-orig-size=\"1440,1442\" data-comments-opened=\"0\" data-image-meta=\"{&quot;aperture&quot;:&quot;0&quot;,&quot;credit&quot;:&quot;&quot;,&quot;camera&quot;:&quot;&quot;,&quot;caption&quot;:&quot;&quot;,&quot;created_timestamp&quot;:&quot;0&quot;,&quot;copyright&quot;:&quot;&quot;,&quot;focal_length&quot;:&quot;0&quot;,&quot;iso&quot;:&quot;0&quot;,&quot;shutter_speed&quot;:&quot;0&quot;,&quot;title&quot;:&quot;&quot;,&quot;orientation&quot;:&quot;0&quot;}\" data-image-title=\"AN-20220201 (2)\" data-image-description=\"\" data-image-caption=\"\" data-large-file=\"https:\/\/i0.wp.com\/www.claret.org\/wp-content\/uploads\/2022\/02\/AN-20220201-2.png?fit=1024%2C1024&amp;ssl=1\" class=\"alignnone size-full wp-image-111388\" src=\"https:\/\/i0.wp.com\/www.claret.org\/wp-content\/uploads\/2022\/02\/AN-20220201-2.png?resize=1080%2C1082&#038;ssl=1\" alt=\"\" width=\"1080\" height=\"1082\" title=\"\" srcset=\"https:\/\/i0.wp.com\/www.claret.org\/wp-content\/uploads\/2022\/02\/AN-20220201-2.png?w=1440&amp;ssl=1 1440w, https:\/\/i0.wp.com\/www.claret.org\/wp-content\/uploads\/2022\/02\/AN-20220201-2.png?resize=300%2C300&amp;ssl=1 300w, https:\/\/i0.wp.com\/www.claret.org\/wp-content\/uploads\/2022\/02\/AN-20220201-2.png?resize=1024%2C1024&amp;ssl=1 1024w, https:\/\/i0.wp.com\/www.claret.org\/wp-content\/uploads\/2022\/02\/AN-20220201-2.png?resize=150%2C150&amp;ssl=1 150w, https:\/\/i0.wp.com\/www.claret.org\/wp-content\/uploads\/2022\/02\/AN-20220201-2.png?resize=768%2C769&amp;ssl=1 768w, https:\/\/i0.wp.com\/www.claret.org\/wp-content\/uploads\/2022\/02\/AN-20220201-2.png?resize=1080%2C1082&amp;ssl=1 1080w, https:\/\/i0.wp.com\/www.claret.org\/wp-content\/uploads\/2022\/02\/AN-20220201-2.png?resize=440%2C440&amp;ssl=1 440w\" sizes=\"(max-width: 1080px) 100vw, 1080px\" \/> <img data-recalc-dims=\"1\" loading=\"lazy\" decoding=\"async\" data-attachment-id=\"111394\" data-permalink=\"https:\/\/www.claret.org\/es\/la-delegacion-de-antillas-inicia-el-camino-de-preparacion-hacia-su-viii-asamblea-general-ordinaria\/an-20220201-3\/\" data-orig-file=\"https:\/\/i0.wp.com\/www.claret.org\/wp-content\/uploads\/2022\/02\/AN-20220201-3.png?fit=1731%2C937&amp;ssl=1\" data-orig-size=\"1731,937\" data-comments-opened=\"0\" data-image-meta=\"{&quot;aperture&quot;:&quot;0&quot;,&quot;credit&quot;:&quot;&quot;,&quot;camera&quot;:&quot;&quot;,&quot;caption&quot;:&quot;&quot;,&quot;created_timestamp&quot;:&quot;0&quot;,&quot;copyright&quot;:&quot;&quot;,&quot;focal_length&quot;:&quot;0&quot;,&quot;iso&quot;:&quot;0&quot;,&quot;shutter_speed&quot;:&quot;0&quot;,&quot;title&quot;:&quot;&quot;,&quot;orientation&quot;:&quot;0&quot;}\" data-image-title=\"AN-20220201 (3)\" data-image-description=\"\" data-image-caption=\"\" data-large-file=\"https:\/\/i0.wp.com\/www.claret.org\/wp-content\/uploads\/2022\/02\/AN-20220201-3.png?fit=1024%2C554&amp;ssl=1\" class=\"alignnone size-full wp-image-111394\" src=\"https:\/\/i0.wp.com\/www.claret.org\/wp-content\/uploads\/2022\/02\/AN-20220201-3.png?resize=1080%2C585&#038;ssl=1\" alt=\"\" width=\"1080\" height=\"585\" title=\"\" srcset=\"https:\/\/i0.wp.com\/www.claret.org\/wp-content\/uploads\/2022\/02\/AN-20220201-3.png?w=1731&amp;ssl=1 1731w, https:\/\/i0.wp.com\/www.claret.org\/wp-content\/uploads\/2022\/02\/AN-20220201-3.png?resize=300%2C162&amp;ssl=1 300w, https:\/\/i0.wp.com\/www.claret.org\/wp-content\/uploads\/2022\/02\/AN-20220201-3.png?resize=1024%2C554&amp;ssl=1 1024w, https:\/\/i0.wp.com\/www.claret.org\/wp-content\/uploads\/2022\/02\/AN-20220201-3.png?resize=768%2C416&amp;ssl=1 768w, https:\/\/i0.wp.com\/www.claret.org\/wp-content\/uploads\/2022\/02\/AN-20220201-3.png?resize=1536%2C831&amp;ssl=1 1536w, https:\/\/i0.wp.com\/www.claret.org\/wp-content\/uploads\/2022\/02\/AN-20220201-3.png?resize=1080%2C585&amp;ssl=1 1080w\" sizes=\"(max-width: 1080px) 100vw, 1080px\" \/> <img data-recalc-dims=\"1\" loading=\"lazy\" decoding=\"async\" data-attachment-id=\"111406\" data-permalink=\"https:\/\/www.claret.org\/es\/la-delegacion-de-antillas-inicia-el-camino-de-preparacion-hacia-su-viii-asamblea-general-ordinaria\/an-20220201-5\/\" data-orig-file=\"https:\/\/i0.wp.com\/www.claret.org\/wp-content\/uploads\/2022\/02\/AN-20220201-5.png?fit=1911%2C921&amp;ssl=1\" data-orig-size=\"1911,921\" data-comments-opened=\"0\" data-image-meta=\"{&quot;aperture&quot;:&quot;0&quot;,&quot;credit&quot;:&quot;&quot;,&quot;camera&quot;:&quot;&quot;,&quot;caption&quot;:&quot;&quot;,&quot;created_timestamp&quot;:&quot;0&quot;,&quot;copyright&quot;:&quot;&quot;,&quot;focal_length&quot;:&quot;0&quot;,&quot;iso&quot;:&quot;0&quot;,&quot;shutter_speed&quot;:&quot;0&quot;,&quot;title&quot;:&quot;&quot;,&quot;orientation&quot;:&quot;0&quot;}\" data-image-title=\"AN-20220201 (5)\" data-image-description=\"\" data-image-caption=\"\" data-large-file=\"https:\/\/i0.wp.com\/www.claret.org\/wp-content\/uploads\/2022\/02\/AN-20220201-5.png?fit=1024%2C494&amp;ssl=1\" class=\"alignnone size-full wp-image-111406\" src=\"https:\/\/i0.wp.com\/www.claret.org\/wp-content\/uploads\/2022\/02\/AN-20220201-5.png?resize=1080%2C521&#038;ssl=1\" alt=\"\" width=\"1080\" height=\"521\" title=\"\" srcset=\"https:\/\/i0.wp.com\/www.claret.org\/wp-content\/uploads\/2022\/02\/AN-20220201-5.png?w=1911&amp;ssl=1 1911w, https:\/\/i0.wp.com\/www.claret.org\/wp-content\/uploads\/2022\/02\/AN-20220201-5.png?resize=300%2C145&amp;ssl=1 300w, https:\/\/i0.wp.com\/www.claret.org\/wp-content\/uploads\/2022\/02\/AN-20220201-5.png?resize=1024%2C494&amp;ssl=1 1024w, https:\/\/i0.wp.com\/www.claret.org\/wp-content\/uploads\/2022\/02\/AN-20220201-5.png?resize=768%2C370&amp;ssl=1 768w, https:\/\/i0.wp.com\/www.claret.org\/wp-content\/uploads\/2022\/02\/AN-20220201-5.png?resize=1536%2C740&amp;ssl=1 1536w, https:\/\/i0.wp.com\/www.claret.org\/wp-content\/uploads\/2022\/02\/AN-20220201-5.png?resize=1080%2C521&amp;ssl=1 1080w\" sizes=\"(max-width: 1080px) 100vw, 1080px\" \/><\/p>\n","protected":false},"excerpt":{"rendered":"<p>Bayam\u00f3n, Puerto Rico. La Delegaci\u00f3n de Antillas ha celebrado una reuni\u00f3n online, el d\u00eda 31 de enero de 2022, con todos los miembros de la Delegaci\u00f3n, para dar a conocer y echar andar el itinerario de preparaci\u00f3n hacia la VIII Asamblea General Ordinaria de la Delegaci\u00f3n que se celebrar\u00e1 entre los d\u00edas 16 y 21 [&hellip;]<\/p>\n","protected":false},"author":2,"featured_media":111370,"comment_status":"closed","ping_status":"closed","sticky":false,"template":"","format":"standard","meta":{"_et_pb_use_builder":"","_et_pb_old_content":"","_et_gb_content_width":"","footnotes":""},"categories":[361],"tags":[],"class_list":["post-111363","post","type-post","status-publish","format-standard","has-post-thumbnail","hentry","category-antillas-es"],"jetpack_featured_media_url":"https:\/\/i0.wp.com\/www.claret.org\/wp-content\/uploads\/2022\/02\/DELEGACION-INDEPENDIENTE-DE-ANTILLAS-logo-final-1.png?fit=736%2C367&ssl=1","jetpack_sharing_enabled":true,"jetpack_shortlink":"https:\/\/wp.me\/pdaBmi-sYb","jetpack_likes_enabled":true,"_links":{"self":[{"href":"https:\/\/www.claret.org\/es\/wp-json\/wp\/v2\/posts\/111363","targetHints":{"allow":["GET"]}}],"collection":[{"href":"https:\/\/www.claret.org\/es\/wp-json\/wp\/v2\/posts"}],"about":[{"href":"https:\/\/www.claret.org\/es\/wp-json\/wp\/v2\/types\/post"}],"author":[{"embeddable":true,"href":"https:\/\/www.claret.org\/es\/wp-json\/wp\/v2\/users\/2"}],"replies":[{"embeddable":true,"href":"https:\/\/www.claret.org\/es\/wp-json\/wp\/v2\/comments?post=111363"}],"version-history":[{"count":0,"href":"https:\/\/www.claret.org\/es\/wp-json\/wp\/v2\/posts\/111363\/revisions"}],"wp:featuredmedia":[{"embeddable":true,"href":"https:\/\/www.claret.org\/es\/wp-json\/wp\/v2\/media\/111370"}],"wp:attachment":[{"href":"https:\/\/www.claret.org\/es\/wp-json\/wp\/v2\/media?parent=111363"}],"wp:term":[{"taxonomy":"category","embeddable":true,"href":"https:\/\/www.claret.org\/es\/wp-json\/wp\/v2\/categories?post=111363"},{"taxonomy":"post_tag","embeddable":true,"href":"https:\/\/www.claret.org\/es\/wp-json\/wp\/v2\/tags?post=111363"}],"curies":[{"name":"wp","href":"https:\/\/api.w.org\/{rel}","templated":true}]}}