{"id":112601,"date":"2022-02-20T08:33:22","date_gmt":"2022-02-20T07:33:22","guid":{"rendered":"https:\/\/www.claret.org\/?p=112601"},"modified":"2022-02-20T08:51:06","modified_gmt":"2022-02-20T07:51:06","slug":"mas-colegialidad-y-menos-centralizacion-en-roma-nuevo-motu-propio-del-papa-francisco","status":"publish","type":"post","link":"https:\/\/www.claret.org\/es\/mas-colegialidad-y-menos-centralizacion-en-roma-nuevo-motu-propio-del-papa-francisco\/","title":{"rendered":"\u00abM\u00e1s colegialidad y menos centralizaci\u00f3n en Roma\u00bb nuevo motu propio del Papa Francisco"},"content":{"rendered":"<p><strong>Roma, Italia.<\/strong> El pasado 11 de febrero los peri\u00f3dicos de todo el mundo se hicieron eco del Motu Propio del Papa Francisco titulado <a href=\"https:\/\/www.vatican.va\/content\/francesco\/en\/motu_proprio\/documents\/20220211-motu-proprio-fidem-servare.html\" rel=\"nofollow noopener\" target=\"_blank\"><em>Fidem servare<\/em><\/a> que reorganiza internamente la Congregaci\u00f3n para la Doctrina de la Fe (CDF). Dicha reorganizaci\u00f3n implica crear un secretariado para cada secci\u00f3n (una doctrinal y otra de disciplina), para as\u00ed responder de forma m\u00e1s eficiente a la misi\u00f3n que se le tiene encomendada.<\/p>\n<p>Sin embargo, <strong>poco se ha hablado del Motu Proprio aprobado el mismo d\u00eda titulado <em><a href=\"https:\/\/www.vatican.va\/content\/francesco\/es\/motu_proprio\/documents\/20220211-motu-proprio-assegnare-alcune-competenze.html\" rel=\"nofollow noopener\" target=\"_blank\">Competentias quasdam decernere<\/a><\/em><\/strong> por el que se modifican algunas competencias que afectan a algunas disposiciones del C\u00f3digo de Derecho Canonico y del C\u00f3digo de las Iglesias Orientales.<\/p>\n<p>Para conocer un poco m\u00e1s, hemos consultado al P. Jos\u00e9-F\u00e9lix Valderr\u00e1bano CMF.<\/p>\n<p><strong>\u00bfCu\u00e1l es la principal novedad de este Motu Proprio?<\/strong><\/p>\n<p>La primera novedad es el reconocimiento de la <strong>universalidad<\/strong> y de la pluralidad de la Iglesia, de las diferencias que existen en ella sin homologarlas. El ministerio del Obispo de Roma garantiza la unidad entre todas las Iglesias.<\/p>\n<p>La segunda es la <strong>descentralizaci\u00f3n<\/strong> que supone y la responsabilidad que deben asumir los obispos y los Superiores Generales<\/p>\n<p>Y la tercera es la <strong>eficacia<\/strong> pastoral y de gobierno por la proximidad a las personas y conocimiento de las situaciones concretas.<\/p>\n<p><strong>\u00bfC\u00f3mo nos afecta como Congregaci\u00f3n?<\/strong><\/p>\n<p>El Motu Proprio contempla diez puntos. Algunos de ellos no nos afectan. Por ejemplo la creaci\u00f3n de seminarios interdiocesanos, los planes de estudio en ellos a partir de la Ratios Institutionis de la Congregaci\u00f3n para la Educaci\u00f3n Cat\u00f3lica, la asociaci\u00f3n de v\u00edrgenes, la admisi\u00f3n de cl\u00e9rigos en las Asociales p\u00fablicas clericales, la publicaci\u00f3n de catecismos y la reducci\u00f3n de misas de las fundaciones p\u00edas por la disminuci\u00f3n de los r\u00e9ditos econ\u00f3micos. En general donde se dice que la CIVCSVA debe \u201caprobar\u201d, se cambia a \u201cconfirmar\u201d. Hay otros tres puntos que inciden m\u00e1s directamente en nuestra realidad.<\/p>\n<p>El art\u00edculo 5 ampl\u00eda el tiempo por el que el Gobierno General puede conceder <strong>permiso de exclaustraci\u00f3n<\/strong>. \u00c9ste pasa de 3 a 5 a\u00f1os. Solamente cuando se quiere ampliar este tiempo se debe recurrir a la Santa Sede.<\/p>\n<p>La facultad que tienen los Institutos de derecho pontificio de <strong>dispensar de los votos a un profeso temporal<\/strong> se ampl\u00eda en el art\u00edculo 6 a los Institutos de derecho diocesano.<\/p>\n<p>Por el art\u00edculo 7, el <strong>decreto de expulsi\u00f3n de un profeso perpetuo<\/strong> emitido por el Superior General de un Instituto religioso de derecho pontificio, con la aprobaci\u00f3n de su Consejo, entra en vigor desde el momento mismo que se da a conocer al interesado. Los requisitos previos, o sea las moniciones can\u00f3nicas y el lapso de tiempo entre ellas, se mantienen. En el mismo texto se debe indicar que el afectado tiene un plazo de 10 d\u00edas para recurrir ese decreto.<\/p>\n<p>El <strong>P. Jos\u00e9-F\u00e9lix Valderr\u00e1bano CMF<\/strong> desde el a\u00f1o 2004 sirve a la Congregaci\u00f3n como Procurador General y desde 2016 es el Superior Local de la Comunidad Generalicia del Instituto Jur\u00eddico en Roma.<\/p>\n<p>&nbsp;<\/p>\n<p><em>(Art\u00edculo publicado por Jos\u00e9 Enrique Garc\u00eda CMF)<\/em><\/p>\n","protected":false},"excerpt":{"rendered":"<p>Roma, Italia. El pasado 11 de febrero los peri\u00f3dicos de todo el mundo se hicieron eco del Motu Propio del Papa Francisco titulado Fidem servare que reorganiza internamente la Congregaci\u00f3n para la Doctrina de la Fe (CDF). Dicha reorganizaci\u00f3n implica crear un secretariado para cada secci\u00f3n (una doctrinal y otra de disciplina), para as\u00ed responder [&hellip;]<\/p>\n","protected":false},"author":2,"featured_media":112602,"comment_status":"closed","ping_status":"closed","sticky":false,"template":"","format":"standard","meta":{"_et_pb_use_builder":"","_et_pb_old_content":"","_et_gb_content_width":"","footnotes":""},"categories":[350,504],"tags":[],"class_list":["post-112601","post","type-post","status-publish","format-standard","has-post-thumbnail","hentry","category-juridicum-es","category-noticias-eclesiales"],"jetpack_featured_media_url":"https:\/\/i0.wp.com\/www.claret.org\/wp-content\/uploads\/2022\/02\/motu-proprio.png?fit=835%2C306&ssl=1","jetpack_sharing_enabled":true,"jetpack_shortlink":"https:\/\/wp.me\/pdaBmi-ti9","jetpack_likes_enabled":true,"_links":{"self":[{"href":"https:\/\/www.claret.org\/es\/wp-json\/wp\/v2\/posts\/112601","targetHints":{"allow":["GET"]}}],"collection":[{"href":"https:\/\/www.claret.org\/es\/wp-json\/wp\/v2\/posts"}],"about":[{"href":"https:\/\/www.claret.org\/es\/wp-json\/wp\/v2\/types\/post"}],"author":[{"embeddable":true,"href":"https:\/\/www.claret.org\/es\/wp-json\/wp\/v2\/users\/2"}],"replies":[{"embeddable":true,"href":"https:\/\/www.claret.org\/es\/wp-json\/wp\/v2\/comments?post=112601"}],"version-history":[{"count":0,"href":"https:\/\/www.claret.org\/es\/wp-json\/wp\/v2\/posts\/112601\/revisions"}],"wp:featuredmedia":[{"embeddable":true,"href":"https:\/\/www.claret.org\/es\/wp-json\/wp\/v2\/media\/112602"}],"wp:attachment":[{"href":"https:\/\/www.claret.org\/es\/wp-json\/wp\/v2\/media?parent=112601"}],"wp:term":[{"taxonomy":"category","embeddable":true,"href":"https:\/\/www.claret.org\/es\/wp-json\/wp\/v2\/categories?post=112601"},{"taxonomy":"post_tag","embeddable":true,"href":"https:\/\/www.claret.org\/es\/wp-json\/wp\/v2\/tags?post=112601"}],"curies":[{"name":"wp","href":"https:\/\/api.w.org\/{rel}","templated":true}]}}