{"id":117771,"date":"2022-03-10T05:50:00","date_gmt":"2022-03-10T04:50:00","guid":{"rendered":"https:\/\/www.claret.org\/el-senor-ha-elegido-a-su-amado-desde-el-principio\/"},"modified":"2022-04-05T11:51:19","modified_gmt":"2022-04-05T09:51:19","slug":"el-senor-ha-elegido-a-su-amado-desde-el-principio","status":"publish","type":"post","link":"https:\/\/www.claret.org\/es\/el-senor-ha-elegido-a-su-amado-desde-el-principio\/","title":{"rendered":"EL SE\u00d1OR HA ELEGIDO A SU AMADO DESDE EL PRINCIPIO"},"content":{"rendered":"\n<p>Por Geraldine Sasirekah Eusabius RMI<\/p>\n\n<p class=\"has-drop-cap\">En respuesta a Dios, hago voto a Dios de vivir durante todo el tiempo de mi vida los consejos evang\u00e9licos de pobreza, castidad y obediencia. Con estas palabras comenc\u00e9 un compromiso permanente como religiosa en la Congregaci\u00f3n de las Hermanas Misioneras Claretianas RMI en 1997. Ya han pasado veinticinco a\u00f1os y cuando miro hacia atr\u00e1s, tengo mucho que recordar, apreciar y agradecer.  <\/p>\n\n<p>No recuerdo haber pensado en ser una hermana cuando estaba en la escuela primaria. Pero entonces, \u00bfqu\u00e9 me llev\u00f3 a tomar la decisi\u00f3n de entrar en la vida religiosa? Me di cuenta de que cuando es Dios quien llama no hay escapatoria. \u00c9l contin\u00faa hasta que escuchamos, reconocemos su voz y respondemos. Es sorprendente c\u00f3mo te hace empezar a pensar en por qu\u00e9 no convertirte en una hermana. Mi camino hacia las claretianas no era mi plan inicial. Pero encontr\u00e9 el modo de vida hacia donde deb\u00eda encaminarme. Todav\u00eda recuerdo con cari\u00f1o aquellos a\u00f1os y estoy agradecida a Dios.<\/p>\n\n<p>Me ocurri\u00f3 en mi juventud despreocupada; en mi actitud de no atracci\u00f3n hacia las religiosas, y sin embargo \u00c9L me llam\u00f3 a ser una entre ellas. Sin duda es un Dios de maravillas y asombros inesperados. Contempl\u00e9 por primera vez la llamada a la vida religiosa despu\u00e9s de mi bachillerato, cuando escuch\u00e9 a un claretiano (CMF) compartir su experiencia vocacional. El intercambio toc\u00f3 el n\u00facleo de mi ser y me dej\u00f3 dentro la pregunta de \u00bfpor qu\u00e9 no ser yo tambi\u00e9n una religiosa? Entonces, y sin entender del todo lo que significaba, busqu\u00e9 convertirme en una hermana. Dios fue muy paciente conmigo; tard\u00e9 poco m\u00e1s de dos a\u00f1os en tomar la decisi\u00f3n final de entrar en la Congregaci\u00f3n, a pesar de que nunca hab\u00eda conocido a una hermana claretiana. Las busqu\u00e9 y encontr\u00e9 que la familia claretiana ten\u00eda hermanas, hermanos, sacerdotes y laicos. Sent\u00ed una atracci\u00f3n hacia su vida de misioneros; desde entonces, empec\u00e9 a comunicarme con las hermanas de Filipinas. Las hermanas me acogieron con mucho cari\u00f1o en su seno y el resto del camino desde el noviciado hasta el presente es un camino de rosas no exento de espinas. Dios me ha puesto en el lugar adecuado, y este es el sentimiento que tengo desde que entr\u00e9; un sentirme en casa. Todo lo que pod\u00eda imaginar para mi futuro est\u00e1 relacionado con la vida claretiana. Hasta el d\u00eda de hoy, me emociono y me entusiasma la vida misionera.<\/p>\n\n<p>Al reconocer que pertenezco a esta vida y que en ella encuentro alegr\u00eda y plenitud, mi relaci\u00f3n con Dios pas\u00f3 a ser central. Soy feliz y estoy agradecida. Todos estamos llamados a buscar a Dios y mi camino es a trav\u00e9s de la llamada de la vida misionera claretiana.  La alegr\u00eda de esta vida me levanta cada ma\u00f1ana y hace que me deleite en lo que el amor me tiene reservado y ese d\u00eda se convierte en algo real e innegociable. Dios me ha acercado a \u00e9l y enciende en mi coraz\u00f3n un deseo muy fuerte de ser misionera de Cristo que considero como mi verdadera identidad.    <\/p>\n\n<p>La vocaci\u00f3n religiosa no es una cuesti\u00f3n de carrera sino de vida. El Se\u00f1or nunca ha dejado de llamarme y s\u00e9 que el Se\u00f1or sigue llamando a otros tambi\u00e9n. Siempre que reflexiono sobre la elecci\u00f3n de mi vida, pienso en que tom\u00e9 el camino menos transitado, y eso ha marcado la diferencia. Mi vida como Hermana Misionera Claretiana es una vida en la que abunda la gracia de Dios. \u00c9l enciende en m\u00ed una nueva inquietud y el deseo de buscar una relaci\u00f3n m\u00e1s profunda con \u00c9l. En mi recorrido me ha hecho darme cuenta de que entregarse plenamente a sus deseos es el \u00fanico camino para una felicidad total y completa en la vida. <\/p>\n\n<p>Chillaw, Sri Lanka.<\/p>\n\n<p>Marzo, 2022<\/p>\n","protected":false},"excerpt":{"rendered":"<p>Por Geraldine Sasirekah Eusabius RMI En respuesta a Dios, hago voto a Dios de vivir durante todo el tiempo de mi vida los consejos evang\u00e9licos de pobreza, castidad y obediencia. Con estas palabras comenc\u00e9 un compromiso permanente como religiosa en la Congregaci\u00f3n de las Hermanas Misioneras Claretianas RMI en 1997. Ya han pasado veinticinco a\u00f1os [&hellip;]<\/p>\n","protected":false},"author":2,"featured_media":117453,"comment_status":"closed","ping_status":"closed","sticky":false,"template":"","format":"standard","meta":{"_et_pb_use_builder":"off","_et_pb_old_content":"","_et_gb_content_width":"","footnotes":""},"categories":[4581],"tags":[],"class_list":["post-117771","post","type-post","status-publish","format-standard","has-post-thumbnail","hentry","category-ha-mebasser-es"],"jetpack_featured_media_url":"https:\/\/i0.wp.com\/www.claret.org\/wp-content\/uploads\/2022\/04\/Foto-de-Arvin-Bellen.jpg?fit=279%2C283&ssl=1","jetpack_sharing_enabled":true,"jetpack_shortlink":"https:\/\/wp.me\/pdaBmi-uDx","jetpack_likes_enabled":true,"_links":{"self":[{"href":"https:\/\/www.claret.org\/es\/wp-json\/wp\/v2\/posts\/117771","targetHints":{"allow":["GET"]}}],"collection":[{"href":"https:\/\/www.claret.org\/es\/wp-json\/wp\/v2\/posts"}],"about":[{"href":"https:\/\/www.claret.org\/es\/wp-json\/wp\/v2\/types\/post"}],"author":[{"embeddable":true,"href":"https:\/\/www.claret.org\/es\/wp-json\/wp\/v2\/users\/2"}],"replies":[{"embeddable":true,"href":"https:\/\/www.claret.org\/es\/wp-json\/wp\/v2\/comments?post=117771"}],"version-history":[{"count":0,"href":"https:\/\/www.claret.org\/es\/wp-json\/wp\/v2\/posts\/117771\/revisions"}],"wp:featuredmedia":[{"embeddable":true,"href":"https:\/\/www.claret.org\/es\/wp-json\/wp\/v2\/media\/117453"}],"wp:attachment":[{"href":"https:\/\/www.claret.org\/es\/wp-json\/wp\/v2\/media?parent=117771"}],"wp:term":[{"taxonomy":"category","embeddable":true,"href":"https:\/\/www.claret.org\/es\/wp-json\/wp\/v2\/categories?post=117771"},{"taxonomy":"post_tag","embeddable":true,"href":"https:\/\/www.claret.org\/es\/wp-json\/wp\/v2\/tags?post=117771"}],"curies":[{"name":"wp","href":"https:\/\/api.w.org\/{rel}","templated":true}]}}