{"id":118018,"date":"2022-04-05T18:16:25","date_gmt":"2022-04-05T16:16:25","guid":{"rendered":"https:\/\/www.claret.org\/formacion-biblica-en-la-lectio-divina\/"},"modified":"2022-04-05T21:31:01","modified_gmt":"2022-04-05T19:31:01","slug":"formacion-biblica-en-la-lectio-divina","status":"publish","type":"post","link":"https:\/\/www.claret.org\/es\/formacion-biblica-en-la-lectio-divina\/","title":{"rendered":"Formaci\u00f3n b\u00edblica en la Lectio Divina"},"content":{"rendered":"\n<p class=\"has-drop-cap\"><strong>Kupang, Indonesia. <\/strong>En la realizaci\u00f3n del Sue\u00f1o Congregacional as\u00ed como de los compromisos de la Delegaci\u00f3n encomendados por el XXVI Cap\u00edtulo General, la Delegaci\u00f3n Independiente Indonesia-Timor Leste llev\u00f3 a cabo un webinar sobre Formaci\u00f3n B\u00edblica en Lectio Divina ofrecido por el P. Henry Omonisaye, CMF, Prefecto General de Pastoral B\u00edblica y Comunicaci\u00f3n el martes 5 de abril de 2022, a trav\u00e9s de la plataforma Zoom.  <\/p>\n\n<p>El webinar cont\u00f3 con la participaci\u00f3n de todos los miembros profesos de la Delegaci\u00f3n, incluso los de las casas de formaci\u00f3n, desde los aspirantes hasta los estudiantes de teolog\u00eda. Partiendo de la ra\u00edz de la palabra <em>\u00ablectio\u00bb <\/em>(lectura), \u00ab<em>divina\u00bb <\/em>(divina), el P. Henry ayud\u00f3 a los participantes a crecer en la experiencia de la lectura de la Palabra de Dios con una actitud propia de un disc\u00edpulo, siempre deseoso de aprender de su Maestro, en comuni\u00f3n con \u00e9l y dispuesto a ser enviado.<\/p>\n\n<figure class=\"wp-block-gallery has-nested-images columns-default is-cropped wp-block-gallery-1 is-layout-flex wp-block-gallery-is-layout-flex\">\n<figure class=\"wp-block-image size-full\"><img data-recalc-dims=\"1\" loading=\"lazy\" decoding=\"async\" width=\"1080\" height=\"607\" data-attachment-id=\"117937\" data-permalink=\"https:\/\/www.claret.org\/es\/formacion-biblica-en-la-lectio-divina\/whatsapp-image-2022-04-05-at-5-02-25-pm-1-2\/\" data-orig-file=\"https:\/\/i0.wp.com\/www.claret.org\/wp-content\/uploads\/2022\/04\/WhatsApp-Image-2022-04-05-at-5.02.25-PM-1.jpeg?fit=1280%2C719&amp;ssl=1\" data-orig-size=\"1280,719\" data-comments-opened=\"0\" data-image-meta=\"{&quot;aperture&quot;:&quot;0&quot;,&quot;credit&quot;:&quot;&quot;,&quot;camera&quot;:&quot;&quot;,&quot;caption&quot;:&quot;&quot;,&quot;created_timestamp&quot;:&quot;0&quot;,&quot;copyright&quot;:&quot;&quot;,&quot;focal_length&quot;:&quot;0&quot;,&quot;iso&quot;:&quot;0&quot;,&quot;shutter_speed&quot;:&quot;0&quot;,&quot;title&quot;:&quot;&quot;,&quot;orientation&quot;:&quot;0&quot;}\" data-image-title=\"WhatsApp Image 2022-04-05 at 5.02.25 PM (1)\" data-image-description=\"\" data-image-caption=\"\" data-large-file=\"https:\/\/i0.wp.com\/www.claret.org\/wp-content\/uploads\/2022\/04\/WhatsApp-Image-2022-04-05-at-5.02.25-PM-1.jpeg?fit=1024%2C575&amp;ssl=1\" data-id=\"117937\" src=\"https:\/\/i0.wp.com\/www.claret.org\/wp-content\/uploads\/2022\/04\/WhatsApp-Image-2022-04-05-at-5.02.25-PM-1.jpeg?resize=1080%2C607&#038;ssl=1\" alt=\"\" class=\"wp-image-117937\" title=\"\" srcset=\"https:\/\/www.claret.org\/wp-content\/uploads\/2022\/04\/WhatsApp-Image-2022-04-05-at-5.02.25-PM-1.jpeg 1280w, https:\/\/www.claret.org\/wp-content\/uploads\/2022\/04\/WhatsApp-Image-2022-04-05-at-5.02.25-PM-1-980x550.jpeg 980w, https:\/\/www.claret.org\/wp-content\/uploads\/2022\/04\/WhatsApp-Image-2022-04-05-at-5.02.25-PM-1-480x270.jpeg 480w\" sizes=\"(min-width: 0px) and (max-width: 480px) 480px, (min-width: 481px) and (max-width: 980px) 980px, (min-width: 981px) 1280px, 100vw\" \/><\/figure>\n\n\n<figure class=\"wp-block-image size-full\"><img data-recalc-dims=\"1\" loading=\"lazy\" decoding=\"async\" width=\"1080\" height=\"607\" data-attachment-id=\"117943\" data-permalink=\"https:\/\/www.claret.org\/es\/formacion-biblica-en-la-lectio-divina\/whatsapp-image-2022-04-05-at-5-02-25-pm-2\/\" data-orig-file=\"https:\/\/i0.wp.com\/www.claret.org\/wp-content\/uploads\/2022\/04\/WhatsApp-Image-2022-04-05-at-5.02.25-PM.jpeg?fit=1280%2C719&amp;ssl=1\" data-orig-size=\"1280,719\" data-comments-opened=\"0\" data-image-meta=\"{&quot;aperture&quot;:&quot;0&quot;,&quot;credit&quot;:&quot;&quot;,&quot;camera&quot;:&quot;&quot;,&quot;caption&quot;:&quot;&quot;,&quot;created_timestamp&quot;:&quot;0&quot;,&quot;copyright&quot;:&quot;&quot;,&quot;focal_length&quot;:&quot;0&quot;,&quot;iso&quot;:&quot;0&quot;,&quot;shutter_speed&quot;:&quot;0&quot;,&quot;title&quot;:&quot;&quot;,&quot;orientation&quot;:&quot;0&quot;}\" data-image-title=\"WhatsApp Image 2022-04-05 at 5.02.25 PM\" data-image-description=\"\" data-image-caption=\"\" data-large-file=\"https:\/\/i0.wp.com\/www.claret.org\/wp-content\/uploads\/2022\/04\/WhatsApp-Image-2022-04-05-at-5.02.25-PM.jpeg?fit=1024%2C575&amp;ssl=1\" data-id=\"117943\" src=\"https:\/\/i0.wp.com\/www.claret.org\/wp-content\/uploads\/2022\/04\/WhatsApp-Image-2022-04-05-at-5.02.25-PM.jpeg?resize=1080%2C607&#038;ssl=1\" alt=\"\" class=\"wp-image-117943\" title=\"\" srcset=\"https:\/\/www.claret.org\/wp-content\/uploads\/2022\/04\/WhatsApp-Image-2022-04-05-at-5.02.25-PM.jpeg 1280w, https:\/\/www.claret.org\/wp-content\/uploads\/2022\/04\/WhatsApp-Image-2022-04-05-at-5.02.25-PM-980x550.jpeg 980w, https:\/\/www.claret.org\/wp-content\/uploads\/2022\/04\/WhatsApp-Image-2022-04-05-at-5.02.25-PM-480x270.jpeg 480w\" sizes=\"(min-width: 0px) and (max-width: 480px) 480px, (min-width: 481px) and (max-width: 980px) 980px, (min-width: 981px) 1280px, 100vw\" \/><\/figure>\n\n\n<figure class=\"wp-block-image size-full\"><img data-recalc-dims=\"1\" loading=\"lazy\" decoding=\"async\" width=\"1080\" height=\"607\" data-attachment-id=\"117949\" data-permalink=\"https:\/\/www.claret.org\/es\/formacion-biblica-en-la-lectio-divina\/whatsapp-image-2022-04-05-at-5-02-24-pm-2\/\" data-orig-file=\"https:\/\/i0.wp.com\/www.claret.org\/wp-content\/uploads\/2022\/04\/WhatsApp-Image-2022-04-05-at-5.02.24-PM.jpeg?fit=1280%2C719&amp;ssl=1\" data-orig-size=\"1280,719\" data-comments-opened=\"0\" data-image-meta=\"{&quot;aperture&quot;:&quot;0&quot;,&quot;credit&quot;:&quot;&quot;,&quot;camera&quot;:&quot;&quot;,&quot;caption&quot;:&quot;&quot;,&quot;created_timestamp&quot;:&quot;0&quot;,&quot;copyright&quot;:&quot;&quot;,&quot;focal_length&quot;:&quot;0&quot;,&quot;iso&quot;:&quot;0&quot;,&quot;shutter_speed&quot;:&quot;0&quot;,&quot;title&quot;:&quot;&quot;,&quot;orientation&quot;:&quot;0&quot;}\" data-image-title=\"WhatsApp Image 2022-04-05 at 5.02.24 PM\" data-image-description=\"\" data-image-caption=\"\" data-large-file=\"https:\/\/i0.wp.com\/www.claret.org\/wp-content\/uploads\/2022\/04\/WhatsApp-Image-2022-04-05-at-5.02.24-PM.jpeg?fit=1024%2C575&amp;ssl=1\" data-id=\"117949\" src=\"https:\/\/i0.wp.com\/www.claret.org\/wp-content\/uploads\/2022\/04\/WhatsApp-Image-2022-04-05-at-5.02.24-PM.jpeg?resize=1080%2C607&#038;ssl=1\" alt=\"\" class=\"wp-image-117949\" title=\"\" srcset=\"https:\/\/www.claret.org\/wp-content\/uploads\/2022\/04\/WhatsApp-Image-2022-04-05-at-5.02.24-PM.jpeg 1280w, https:\/\/www.claret.org\/wp-content\/uploads\/2022\/04\/WhatsApp-Image-2022-04-05-at-5.02.24-PM-980x550.jpeg 980w, https:\/\/www.claret.org\/wp-content\/uploads\/2022\/04\/WhatsApp-Image-2022-04-05-at-5.02.24-PM-480x270.jpeg 480w\" sizes=\"(min-width: 0px) and (max-width: 480px) 480px, (min-width: 481px) and (max-width: 980px) 980px, (min-width: 981px) 1280px, 100vw\" \/><\/figure><\/figure>\n\n<blockquote class=\"wp-block-quote is-layout-flow wp-block-quote-is-layout-flow\"><p>\u00abEl objetivo de la <em>Lectio Divina<\/em>\u00ab, dijo, \u00abes promover la comuni\u00f3n con Dios y aumentar el conocimiento sobre la Palabra de Dios\u00bb. Y esto lo podemos practicar personalmente, comunitariamente y con el Pueblo de Dios (cf. QC 54).<\/p><\/blockquote>\n\n<p>Los participantes se mostraron muy entusiasmados por seguir el webinar, y esta impresi\u00f3n se puede ver a trav\u00e9s de sus participaciones en el planteamiento de preguntas y aclaraciones durante las sesiones. Al final de la sesi\u00f3n, el P. Valens Agino, CMF, Superior Mayor de la Delegaci\u00f3n, expres\u00f3 su profunda gratitud al P. Henry por su generosidad y disponibilidad para guiar a la Delegaci\u00f3n en el fomento de la tradici\u00f3n cl\u00e1sica de la pr\u00e1ctica de la <em>Lectio Divina<\/em> como parte de su camino misionero en la realizaci\u00f3n del Sue\u00f1o Congregacional y el compromiso, \u00abSo\u00f1amos como Claret con una Congregaci\u00f3n que, a ejemplo de Mar\u00eda, atesora en su coraz\u00f3n, cumple y proclama la Palabra de Dios.\u00bb (QC 51). Para practicar ese sue\u00f1o, \u00ab&#8230;. Practicaremos la Lectio Divina personalmente, comunitariamente y con el Pueblo de Dios\u00bb. (QC 54).<\/p>\n","protected":false},"excerpt":{"rendered":"<p>Kupang, Indonesia. En la realizaci\u00f3n del Sue\u00f1o Congregacional as\u00ed como de los compromisos de la Delegaci\u00f3n encomendados por el XXVI Cap\u00edtulo General, la Delegaci\u00f3n Independiente Indonesia-Timor Leste llev\u00f3 a cabo un webinar sobre Formaci\u00f3n B\u00edblica en Lectio Divina ofrecido por el P. Henry Omonisaye, CMF, Prefecto General de Pastoral B\u00edblica y Comunicaci\u00f3n el martes 5 [&hellip;]<\/p>\n","protected":false},"author":2,"featured_media":117931,"comment_status":"closed","ping_status":"closed","sticky":false,"template":"","format":"standard","meta":{"_et_pb_use_builder":"off","_et_pb_old_content":"","_et_gb_content_width":"","footnotes":""},"categories":[206,412],"tags":[],"class_list":["post-118018","post","type-post","status-publish","format-standard","has-post-thumbnail","hentry","category-ave-maria-es","category-pastoral-biblica"],"jetpack_featured_media_url":"https:\/\/i0.wp.com\/www.claret.org\/wp-content\/uploads\/2022\/04\/ID-20220405-es.webp?fit=904%2C540&ssl=1","jetpack_sharing_enabled":true,"jetpack_shortlink":"https:\/\/wp.me\/pdaBmi-uHw","jetpack_likes_enabled":true,"_links":{"self":[{"href":"https:\/\/www.claret.org\/es\/wp-json\/wp\/v2\/posts\/118018","targetHints":{"allow":["GET"]}}],"collection":[{"href":"https:\/\/www.claret.org\/es\/wp-json\/wp\/v2\/posts"}],"about":[{"href":"https:\/\/www.claret.org\/es\/wp-json\/wp\/v2\/types\/post"}],"author":[{"embeddable":true,"href":"https:\/\/www.claret.org\/es\/wp-json\/wp\/v2\/users\/2"}],"replies":[{"embeddable":true,"href":"https:\/\/www.claret.org\/es\/wp-json\/wp\/v2\/comments?post=118018"}],"version-history":[{"count":0,"href":"https:\/\/www.claret.org\/es\/wp-json\/wp\/v2\/posts\/118018\/revisions"}],"wp:featuredmedia":[{"embeddable":true,"href":"https:\/\/www.claret.org\/es\/wp-json\/wp\/v2\/media\/117931"}],"wp:attachment":[{"href":"https:\/\/www.claret.org\/es\/wp-json\/wp\/v2\/media?parent=118018"}],"wp:term":[{"taxonomy":"category","embeddable":true,"href":"https:\/\/www.claret.org\/es\/wp-json\/wp\/v2\/categories?post=118018"},{"taxonomy":"post_tag","embeddable":true,"href":"https:\/\/www.claret.org\/es\/wp-json\/wp\/v2\/tags?post=118018"}],"curies":[{"name":"wp","href":"https:\/\/api.w.org\/{rel}","templated":true}]}}