{"id":118888,"date":"2022-04-08T09:03:46","date_gmt":"2022-04-08T07:03:46","guid":{"rendered":"https:\/\/www.claret.org\/h-miguel-garcia-ramos\/"},"modified":"2022-04-08T09:09:48","modified_gmt":"2022-04-08T07:09:48","slug":"h-miguel-garcia-ramos","status":"publish","type":"post","link":"https:\/\/www.claret.org\/es\/h-miguel-garcia-ramos\/","title":{"rendered":"H. MIGUEL GARC\u00cdA RAMOS"},"content":{"rendered":"\n<p>Ha fallecido en Lima (Per\u00fa) a causa de la neumon\u00eda.<\/p>\n\n<p>Ten\u00eda 85 a\u00f1os y pertenec\u00eda a la Provincia de Per\u00fa-Bolivia.<\/p>\n\n<p>Que descanse en la Paz del Se\u00f1or.<\/p>\n","protected":false},"excerpt":{"rendered":"<p>Ha fallecido en Lima (Per\u00fa) a causa de la neumon\u00eda. Ten\u00eda 85 a\u00f1os y pertenec\u00eda a la Provincia de Per\u00fa-Bolivia. Que descanse en la Paz del Se\u00f1or.<\/p>\n","protected":false},"author":3,"featured_media":118880,"comment_status":"closed","ping_status":"closed","sticky":false,"template":"","format":"standard","meta":{"_et_pb_use_builder":"off","_et_pb_old_content":"","_et_gb_content_width":"","footnotes":""},"categories":[558],"tags":[],"class_list":["post-118888","post","type-post","status-publish","format-standard","has-post-thumbnail","hentry","category-difuntos"],"jetpack_featured_media_url":"https:\/\/i0.wp.com\/www.claret.org\/wp-content\/uploads\/2022\/04\/Miguel-Garcia-Ramos.jpg?fit=203%2C227&ssl=1","jetpack_sharing_enabled":true,"jetpack_shortlink":"https:\/\/wp.me\/pdaBmi-uVy","jetpack_likes_enabled":true,"_links":{"self":[{"href":"https:\/\/www.claret.org\/es\/wp-json\/wp\/v2\/posts\/118888","targetHints":{"allow":["GET"]}}],"collection":[{"href":"https:\/\/www.claret.org\/es\/wp-json\/wp\/v2\/posts"}],"about":[{"href":"https:\/\/www.claret.org\/es\/wp-json\/wp\/v2\/types\/post"}],"author":[{"embeddable":true,"href":"https:\/\/www.claret.org\/es\/wp-json\/wp\/v2\/users\/3"}],"replies":[{"embeddable":true,"href":"https:\/\/www.claret.org\/es\/wp-json\/wp\/v2\/comments?post=118888"}],"version-history":[{"count":0,"href":"https:\/\/www.claret.org\/es\/wp-json\/wp\/v2\/posts\/118888\/revisions"}],"wp:featuredmedia":[{"embeddable":true,"href":"https:\/\/www.claret.org\/es\/wp-json\/wp\/v2\/media\/118880"}],"wp:attachment":[{"href":"https:\/\/www.claret.org\/es\/wp-json\/wp\/v2\/media?parent=118888"}],"wp:term":[{"taxonomy":"category","embeddable":true,"href":"https:\/\/www.claret.org\/es\/wp-json\/wp\/v2\/categories?post=118888"},{"taxonomy":"post_tag","embeddable":true,"href":"https:\/\/www.claret.org\/es\/wp-json\/wp\/v2\/tags?post=118888"}],"curies":[{"name":"wp","href":"https:\/\/api.w.org\/{rel}","templated":true}]}}