{"id":120053,"date":"2022-04-21T05:48:00","date_gmt":"2022-04-21T03:48:00","guid":{"rendered":"https:\/\/www.claret.org\/en-cristo-inflamados-para-la-mision-viii-capitulo-provincial-de-chennai\/"},"modified":"2022-04-21T16:54:15","modified_gmt":"2022-04-21T14:54:15","slug":"en-cristo-inflamados-para-la-mision-viii-capitulo-provincial-de-chennai","status":"publish","type":"post","link":"https:\/\/www.claret.org\/es\/en-cristo-inflamados-para-la-mision-viii-capitulo-provincial-de-chennai\/","title":{"rendered":"En Cristo, inflamados para la Misi\u00f3n: VIII Cap\u00edtulo Provincial de Chennai"},"content":{"rendered":"\n<p class=\"has-drop-cap\"><strong>Dindigul, India.<\/strong> El VIII Cap\u00edtulo Provincial de los <a href=\"https:\/\/chennaicmf.org\/\" target=\"_blank\" rel=\"noreferrer noopener nofollow\">Misioneros Claretianos de Chennai<\/a> comenz\u00f3 el lunes 18 de abril de 2022, en la sede de Claretians-LIFE, Dindigul, en el estado de Tamil Nadu, India. El Cap\u00edtulo comenz\u00f3 oficialmente con la celebraci\u00f3n eucar\u00edstica presidida por <a href=\"https:\/\/www.claret.org\/general-government\/\" target=\"_blank\" rel=\"noreferrer noopener\" title=\"Gobierno General\">el P. Henry Omonisaye, CMF, Vicario General de la Congregaci\u00f3n<\/a>, y Presidente del Cap\u00edtulo. Tras la misa se celebr\u00f3 una entronizaci\u00f3n b\u00edblica.<\/p>\n\n<p><\/p>\n\n<figure class=\"wp-block-gallery has-nested-images columns-default is-cropped wp-block-gallery-1 is-layout-flex wp-block-gallery-is-layout-flex\">\n<figure class=\"wp-block-image size-full\"><img data-recalc-dims=\"1\" loading=\"lazy\" decoding=\"async\" width=\"1080\" height=\"720\" data-attachment-id=\"120012\" data-permalink=\"https:\/\/www.claret.org\/es\/en-cristo-inflamados-para-la-mision-viii-capitulo-provincial-de-chennai\/ch-20220418-viii-provincial-chapter-8-2\/\" data-orig-file=\"https:\/\/i0.wp.com\/www.claret.org\/wp-content\/uploads\/2022\/04\/CH-20220418-VIII-Provincial-Chapter-8-scaled.jpg?fit=2560%2C1707&amp;ssl=1\" data-orig-size=\"2560,1707\" data-comments-opened=\"0\" data-image-meta=\"{&quot;aperture&quot;:&quot;4&quot;,&quot;credit&quot;:&quot;&quot;,&quot;camera&quot;:&quot;ILCE-7M3&quot;,&quot;caption&quot;:&quot;&quot;,&quot;created_timestamp&quot;:&quot;1514772579&quot;,&quot;copyright&quot;:&quot;&quot;,&quot;focal_length&quot;:&quot;55&quot;,&quot;iso&quot;:&quot;10000&quot;,&quot;shutter_speed&quot;:&quot;0.00625&quot;,&quot;title&quot;:&quot;&quot;,&quot;orientation&quot;:&quot;1&quot;}\" data-image-title=\"CH-20220418 VIII Provincial Chapter (8)\" data-image-description=\"\" data-image-caption=\"\" data-large-file=\"https:\/\/i0.wp.com\/www.claret.org\/wp-content\/uploads\/2022\/04\/CH-20220418-VIII-Provincial-Chapter-8-scaled.jpg?fit=1024%2C683&amp;ssl=1\" data-id=\"120012\" src=\"https:\/\/i0.wp.com\/www.claret.org\/wp-content\/uploads\/2022\/04\/CH-20220418-VIII-Provincial-Chapter-8-scaled.jpg?resize=1080%2C720&#038;ssl=1\" alt=\"\" class=\"wp-image-120012\" title=\"\" srcset=\"https:\/\/www.claret.org\/wp-content\/uploads\/2022\/04\/CH-20220418-VIII-Provincial-Chapter-8-scaled.jpg 2560w, https:\/\/www.claret.org\/wp-content\/uploads\/2022\/04\/CH-20220418-VIII-Provincial-Chapter-8-1280x854.jpg 1280w, https:\/\/www.claret.org\/wp-content\/uploads\/2022\/04\/CH-20220418-VIII-Provincial-Chapter-8-980x653.jpg 980w, https:\/\/www.claret.org\/wp-content\/uploads\/2022\/04\/CH-20220418-VIII-Provincial-Chapter-8-480x320.jpg 480w\" sizes=\"(min-width: 0px) and (max-width: 480px) 480px, (min-width: 481px) and (max-width: 980px) 980px, (min-width: 981px) and (max-width: 1280px) 1280px, (min-width: 1281px) 2560px, 100vw\" \/><\/figure>\n\n\n<figure class=\"wp-block-image size-full\"><img data-recalc-dims=\"1\" loading=\"lazy\" decoding=\"async\" width=\"1080\" height=\"720\" data-attachment-id=\"120019\" data-permalink=\"https:\/\/www.claret.org\/es\/en-cristo-inflamados-para-la-mision-viii-capitulo-provincial-de-chennai\/ch-20220418-viii-provincial-chapter-7-2\/\" data-orig-file=\"https:\/\/i0.wp.com\/www.claret.org\/wp-content\/uploads\/2022\/04\/CH-20220418-VIII-Provincial-Chapter-7-scaled.jpg?fit=2560%2C1707&amp;ssl=1\" data-orig-size=\"2560,1707\" data-comments-opened=\"0\" data-image-meta=\"{&quot;aperture&quot;:&quot;4&quot;,&quot;credit&quot;:&quot;&quot;,&quot;camera&quot;:&quot;ILCE-7M3&quot;,&quot;caption&quot;:&quot;&quot;,&quot;created_timestamp&quot;:&quot;1514772247&quot;,&quot;copyright&quot;:&quot;&quot;,&quot;focal_length&quot;:&quot;28&quot;,&quot;iso&quot;:&quot;6400&quot;,&quot;shutter_speed&quot;:&quot;0.00625&quot;,&quot;title&quot;:&quot;&quot;,&quot;orientation&quot;:&quot;1&quot;}\" data-image-title=\"CH-20220418 VIII Provincial Chapter (7)\" data-image-description=\"\" data-image-caption=\"\" data-large-file=\"https:\/\/i0.wp.com\/www.claret.org\/wp-content\/uploads\/2022\/04\/CH-20220418-VIII-Provincial-Chapter-7-scaled.jpg?fit=1024%2C683&amp;ssl=1\" data-id=\"120019\" src=\"https:\/\/i0.wp.com\/www.claret.org\/wp-content\/uploads\/2022\/04\/CH-20220418-VIII-Provincial-Chapter-7-scaled.jpg?resize=1080%2C720&#038;ssl=1\" alt=\"\" class=\"wp-image-120019\" title=\"\" srcset=\"https:\/\/www.claret.org\/wp-content\/uploads\/2022\/04\/CH-20220418-VIII-Provincial-Chapter-7-scaled.jpg 2560w, https:\/\/www.claret.org\/wp-content\/uploads\/2022\/04\/CH-20220418-VIII-Provincial-Chapter-7-1280x854.jpg 1280w, https:\/\/www.claret.org\/wp-content\/uploads\/2022\/04\/CH-20220418-VIII-Provincial-Chapter-7-980x653.jpg 980w, https:\/\/www.claret.org\/wp-content\/uploads\/2022\/04\/CH-20220418-VIII-Provincial-Chapter-7-480x320.jpg 480w\" sizes=\"(min-width: 0px) and (max-width: 480px) 480px, (min-width: 481px) and (max-width: 980px) 980px, (min-width: 981px) and (max-width: 1280px) 1280px, (min-width: 1281px) 2560px, 100vw\" \/><\/figure>\n\n\n<figure class=\"wp-block-image size-full\"><img data-recalc-dims=\"1\" loading=\"lazy\" decoding=\"async\" width=\"1080\" height=\"720\" data-attachment-id=\"120026\" data-permalink=\"https:\/\/www.claret.org\/es\/en-cristo-inflamados-para-la-mision-viii-capitulo-provincial-de-chennai\/ch-20220418-viii-provincial-chapter-6-2\/\" data-orig-file=\"https:\/\/i0.wp.com\/www.claret.org\/wp-content\/uploads\/2022\/04\/CH-20220418-VIII-Provincial-Chapter-6-scaled.jpg?fit=2560%2C1707&amp;ssl=1\" data-orig-size=\"2560,1707\" data-comments-opened=\"0\" data-image-meta=\"{&quot;aperture&quot;:&quot;4&quot;,&quot;credit&quot;:&quot;&quot;,&quot;camera&quot;:&quot;ILCE-7M3&quot;,&quot;caption&quot;:&quot;&quot;,&quot;created_timestamp&quot;:&quot;1514768807&quot;,&quot;copyright&quot;:&quot;&quot;,&quot;focal_length&quot;:&quot;58&quot;,&quot;iso&quot;:&quot;8000&quot;,&quot;shutter_speed&quot;:&quot;0.00625&quot;,&quot;title&quot;:&quot;&quot;,&quot;orientation&quot;:&quot;1&quot;}\" data-image-title=\"CH-20220418 VIII Provincial Chapter (6)\" data-image-description=\"\" data-image-caption=\"\" data-large-file=\"https:\/\/i0.wp.com\/www.claret.org\/wp-content\/uploads\/2022\/04\/CH-20220418-VIII-Provincial-Chapter-6-scaled.jpg?fit=1024%2C683&amp;ssl=1\" data-id=\"120026\" src=\"https:\/\/i0.wp.com\/www.claret.org\/wp-content\/uploads\/2022\/04\/CH-20220418-VIII-Provincial-Chapter-6-scaled.jpg?resize=1080%2C720&#038;ssl=1\" alt=\"\" class=\"wp-image-120026\" title=\"\" srcset=\"https:\/\/www.claret.org\/wp-content\/uploads\/2022\/04\/CH-20220418-VIII-Provincial-Chapter-6-scaled.jpg 2560w, https:\/\/www.claret.org\/wp-content\/uploads\/2022\/04\/CH-20220418-VIII-Provincial-Chapter-6-1280x854.jpg 1280w, https:\/\/www.claret.org\/wp-content\/uploads\/2022\/04\/CH-20220418-VIII-Provincial-Chapter-6-980x653.jpg 980w, https:\/\/www.claret.org\/wp-content\/uploads\/2022\/04\/CH-20220418-VIII-Provincial-Chapter-6-480x320.jpg 480w\" sizes=\"(min-width: 0px) and (max-width: 480px) 480px, (min-width: 481px) and (max-width: 980px) 980px, (min-width: 981px) and (max-width: 1280px) 1280px, (min-width: 1281px) 2560px, 100vw\" \/><\/figure><\/figure>\n\n<p><\/p>\n\n<p>Los Misioneros Claretianos de Chennai celebran su VIII Cap\u00edtulo Provincial del 18 al 24 de abril de 2022, con 44 miembros del Cap\u00edtulo llenos de esp\u00edritu y revigorizados, incluido el Presidente del Cap\u00edtulo. La Provincia de Chennai eligi\u00f3 \u00ab<strong>En Cristo, inflamados para la Misi\u00f3n<\/strong>\u00bb como tema de su Cap\u00edtulo. Sigue la metodolog\u00eda sinodal que el XXVI Cap\u00edtulo General utiliz\u00f3 el a\u00f1o pasado en Nemi.<\/p>\n\n<figure class=\"wp-block-gallery has-nested-images columns-default is-cropped wp-block-gallery-2 is-layout-flex wp-block-gallery-is-layout-flex\">\n<figure class=\"wp-block-image size-large\"><img data-recalc-dims=\"1\" loading=\"lazy\" decoding=\"async\" width=\"1080\" height=\"720\" data-attachment-id=\"120040\" data-permalink=\"https:\/\/www.claret.org\/es\/en-cristo-inflamados-para-la-mision-viii-capitulo-provincial-de-chennai\/ch-20220418-viii-provincial-chapter-4-2\/\" data-orig-file=\"https:\/\/i0.wp.com\/www.claret.org\/wp-content\/uploads\/2022\/04\/CH-20220418-VIII-Provincial-Chapter-4-scaled.jpg?fit=2560%2C1707&amp;ssl=1\" data-orig-size=\"2560,1707\" data-comments-opened=\"0\" data-image-meta=\"{&quot;aperture&quot;:&quot;3.2&quot;,&quot;credit&quot;:&quot;&quot;,&quot;camera&quot;:&quot;ILCE-7M3&quot;,&quot;caption&quot;:&quot;&quot;,&quot;created_timestamp&quot;:&quot;1514774059&quot;,&quot;copyright&quot;:&quot;&quot;,&quot;focal_length&quot;:&quot;28&quot;,&quot;iso&quot;:&quot;1600&quot;,&quot;shutter_speed&quot;:&quot;0.00625&quot;,&quot;title&quot;:&quot;&quot;,&quot;orientation&quot;:&quot;1&quot;}\" data-image-title=\"CH-20220418 VIII Provincial Chapter (4)\" data-image-description=\"\" data-image-caption=\"\" data-large-file=\"https:\/\/i0.wp.com\/www.claret.org\/wp-content\/uploads\/2022\/04\/CH-20220418-VIII-Provincial-Chapter-4-scaled.jpg?fit=1024%2C683&amp;ssl=1\" data-id=\"120040\" src=\"https:\/\/i0.wp.com\/www.claret.org\/wp-content\/uploads\/2022\/04\/CH-20220418-VIII-Provincial-Chapter-4-scaled.jpg?resize=1080%2C720&#038;ssl=1\" alt=\"\" class=\"wp-image-120040\" title=\"\" srcset=\"https:\/\/www.claret.org\/wp-content\/uploads\/2022\/04\/CH-20220418-VIII-Provincial-Chapter-4-scaled.jpg 2560w, https:\/\/www.claret.org\/wp-content\/uploads\/2022\/04\/CH-20220418-VIII-Provincial-Chapter-4-1280x854.jpg 1280w, https:\/\/www.claret.org\/wp-content\/uploads\/2022\/04\/CH-20220418-VIII-Provincial-Chapter-4-980x653.jpg 980w, https:\/\/www.claret.org\/wp-content\/uploads\/2022\/04\/CH-20220418-VIII-Provincial-Chapter-4-480x320.jpg 480w\" sizes=\"(min-width: 0px) and (max-width: 480px) 480px, (min-width: 481px) and (max-width: 980px) 980px, (min-width: 981px) and (max-width: 1280px) 1280px, (min-width: 1281px) 2560px, 100vw\" \/><\/figure>\n\n\n<figure class=\"wp-block-image size-large\"><img data-recalc-dims=\"1\" loading=\"lazy\" decoding=\"async\" width=\"1080\" height=\"720\" data-attachment-id=\"120046\" data-permalink=\"https:\/\/www.claret.org\/es\/en-cristo-inflamados-para-la-mision-viii-capitulo-provincial-de-chennai\/ch-20220418-viii-provincial-chapter-5-2\/\" data-orig-file=\"https:\/\/i0.wp.com\/www.claret.org\/wp-content\/uploads\/2022\/04\/CH-20220418-VIII-Provincial-Chapter-5-scaled.jpg?fit=2560%2C1707&amp;ssl=1\" data-orig-size=\"2560,1707\" data-comments-opened=\"0\" data-image-meta=\"{&quot;aperture&quot;:&quot;4&quot;,&quot;credit&quot;:&quot;&quot;,&quot;camera&quot;:&quot;ILCE-7M3&quot;,&quot;caption&quot;:&quot;&quot;,&quot;created_timestamp&quot;:&quot;1514774390&quot;,&quot;copyright&quot;:&quot;&quot;,&quot;focal_length&quot;:&quot;35&quot;,&quot;iso&quot;:&quot;3200&quot;,&quot;shutter_speed&quot;:&quot;0.00625&quot;,&quot;title&quot;:&quot;&quot;,&quot;orientation&quot;:&quot;1&quot;}\" data-image-title=\"CH-20220418 VIII Provincial Chapter (5)\" data-image-description=\"\" data-image-caption=\"\" data-large-file=\"https:\/\/i0.wp.com\/www.claret.org\/wp-content\/uploads\/2022\/04\/CH-20220418-VIII-Provincial-Chapter-5-scaled.jpg?fit=1024%2C683&amp;ssl=1\" data-id=\"120046\" src=\"https:\/\/i0.wp.com\/www.claret.org\/wp-content\/uploads\/2022\/04\/CH-20220418-VIII-Provincial-Chapter-5-scaled.jpg?resize=1080%2C720&#038;ssl=1\" alt=\"\" class=\"wp-image-120046\" title=\"\" srcset=\"https:\/\/www.claret.org\/wp-content\/uploads\/2022\/04\/CH-20220418-VIII-Provincial-Chapter-5-scaled.jpg 2560w, https:\/\/www.claret.org\/wp-content\/uploads\/2022\/04\/CH-20220418-VIII-Provincial-Chapter-5-1280x854.jpg 1280w, https:\/\/www.claret.org\/wp-content\/uploads\/2022\/04\/CH-20220418-VIII-Provincial-Chapter-5-980x653.jpg 980w, https:\/\/www.claret.org\/wp-content\/uploads\/2022\/04\/CH-20220418-VIII-Provincial-Chapter-5-480x320.jpg 480w\" sizes=\"(min-width: 0px) and (max-width: 480px) 480px, (min-width: 481px) and (max-width: 980px) 980px, (min-width: 981px) and (max-width: 1280px) 1280px, (min-width: 1281px) 2560px, 100vw\" \/><\/figure>\n\n\n<figure class=\"wp-block-image size-large\"><img data-recalc-dims=\"1\" loading=\"lazy\" decoding=\"async\" width=\"1080\" height=\"720\" data-attachment-id=\"120034\" data-permalink=\"https:\/\/www.claret.org\/es\/en-cristo-inflamados-para-la-mision-viii-capitulo-provincial-de-chennai\/ch-20220418-viii-provincial-chapter-3-2\/\" data-orig-file=\"https:\/\/i0.wp.com\/www.claret.org\/wp-content\/uploads\/2022\/04\/CH-20220418-VIII-Provincial-Chapter-3-scaled.jpg?fit=2560%2C1707&amp;ssl=1\" data-orig-size=\"2560,1707\" data-comments-opened=\"0\" data-image-meta=\"{&quot;aperture&quot;:&quot;2.8&quot;,&quot;credit&quot;:&quot;&quot;,&quot;camera&quot;:&quot;ILCE-7M3&quot;,&quot;caption&quot;:&quot;&quot;,&quot;created_timestamp&quot;:&quot;1514774044&quot;,&quot;copyright&quot;:&quot;&quot;,&quot;focal_length&quot;:&quot;29&quot;,&quot;iso&quot;:&quot;1600&quot;,&quot;shutter_speed&quot;:&quot;0.00625&quot;,&quot;title&quot;:&quot;&quot;,&quot;orientation&quot;:&quot;1&quot;}\" data-image-title=\"CH-20220418 VIII Provincial Chapter (3)\" data-image-description=\"\" data-image-caption=\"\" data-large-file=\"https:\/\/i0.wp.com\/www.claret.org\/wp-content\/uploads\/2022\/04\/CH-20220418-VIII-Provincial-Chapter-3-scaled.jpg?fit=1024%2C683&amp;ssl=1\" data-id=\"120034\" src=\"https:\/\/i0.wp.com\/www.claret.org\/wp-content\/uploads\/2022\/04\/CH-20220418-VIII-Provincial-Chapter-3-scaled.jpg?resize=1080%2C720&#038;ssl=1\" alt=\"\" class=\"wp-image-120034\" title=\"\" srcset=\"https:\/\/www.claret.org\/wp-content\/uploads\/2022\/04\/CH-20220418-VIII-Provincial-Chapter-3-scaled.jpg 2560w, https:\/\/www.claret.org\/wp-content\/uploads\/2022\/04\/CH-20220418-VIII-Provincial-Chapter-3-1280x854.jpg 1280w, https:\/\/www.claret.org\/wp-content\/uploads\/2022\/04\/CH-20220418-VIII-Provincial-Chapter-3-980x653.jpg 980w, https:\/\/www.claret.org\/wp-content\/uploads\/2022\/04\/CH-20220418-VIII-Provincial-Chapter-3-480x320.jpg 480w\" sizes=\"(min-width: 0px) and (max-width: 480px) 480px, (min-width: 481px) and (max-width: 980px) 980px, (min-width: 981px) and (max-width: 1280px) 1280px, (min-width: 1281px) 2560px, 100vw\" \/><\/figure><\/figure>\n\n<p>El segundo d\u00eda, el obispo de Dindigul, monse\u00f1or Thomas Paulsamy, celebr\u00f3 la eucarist\u00eda para ellos. Luego tuvieron su mini-retiro presidido por el propio P. Henry. <\/p>\n\n<p>M\u00e1s tarde, se presentaron los informes sexenales del Gobierno Provincial correspondientes a los meses de abril de 2016 a marzo de 2022, a cargo del Secretario Provincial y del Prefecto Provincial de Econom\u00eda, respectivamente. Un informe sobre el desarrollo de las misiones de Malasia fue presentado por el P. Berkmans a trav\u00e9s de un encuentro en Google.<\/p>\n\n<p><\/p>\n\n<figure class=\"wp-block-gallery has-nested-images columns-default is-cropped wp-block-gallery-3 is-layout-flex wp-block-gallery-is-layout-flex\">\n<figure class=\"wp-block-image size-large\"><img data-recalc-dims=\"1\" loading=\"lazy\" decoding=\"async\" width=\"1080\" height=\"720\" data-attachment-id=\"120262\" data-permalink=\"https:\/\/www.claret.org\/es\/en-cristo-inflamados-para-la-mision-viii-capitulo-provincial-de-chennai\/dsc01911-2\/\" data-orig-file=\"https:\/\/i0.wp.com\/www.claret.org\/wp-content\/uploads\/2022\/04\/DSC01911-scaled.jpg?fit=2560%2C1707&amp;ssl=1\" data-orig-size=\"2560,1707\" data-comments-opened=\"0\" data-image-meta=\"{&quot;aperture&quot;:&quot;4&quot;,&quot;credit&quot;:&quot;&quot;,&quot;camera&quot;:&quot;ILCE-7M3&quot;,&quot;caption&quot;:&quot;&quot;,&quot;created_timestamp&quot;:&quot;1514821410&quot;,&quot;copyright&quot;:&quot;&quot;,&quot;focal_length&quot;:&quot;56&quot;,&quot;iso&quot;:&quot;5000&quot;,&quot;shutter_speed&quot;:&quot;0.00625&quot;,&quot;title&quot;:&quot;&quot;,&quot;orientation&quot;:&quot;1&quot;}\" data-image-title=\"DSC01911\" data-image-description=\"\" data-image-caption=\"\" data-large-file=\"https:\/\/i0.wp.com\/www.claret.org\/wp-content\/uploads\/2022\/04\/DSC01911-scaled.jpg?fit=1024%2C683&amp;ssl=1\" data-id=\"120262\" src=\"https:\/\/i0.wp.com\/www.claret.org\/wp-content\/uploads\/2022\/04\/DSC01911-scaled.jpg?resize=1080%2C720&#038;ssl=1\" alt=\"\" class=\"wp-image-120262\" title=\"\" srcset=\"https:\/\/www.claret.org\/wp-content\/uploads\/2022\/04\/DSC01911-scaled.jpg 2560w, https:\/\/www.claret.org\/wp-content\/uploads\/2022\/04\/DSC01911-1280x854.jpg 1280w, https:\/\/www.claret.org\/wp-content\/uploads\/2022\/04\/DSC01911-980x653.jpg 980w, https:\/\/www.claret.org\/wp-content\/uploads\/2022\/04\/DSC01911-480x320.jpg 480w\" sizes=\"(min-width: 0px) and (max-width: 480px) 480px, (min-width: 481px) and (max-width: 980px) 980px, (min-width: 981px) and (max-width: 1280px) 1280px, (min-width: 1281px) 2560px, 100vw\" \/><\/figure>\n\n\n<figure class=\"wp-block-image size-large\"><img data-recalc-dims=\"1\" loading=\"lazy\" decoding=\"async\" width=\"1080\" height=\"720\" data-attachment-id=\"120268\" data-permalink=\"https:\/\/www.claret.org\/es\/en-cristo-inflamados-para-la-mision-viii-capitulo-provincial-de-chennai\/dsc01914-2\/\" data-orig-file=\"https:\/\/i0.wp.com\/www.claret.org\/wp-content\/uploads\/2022\/04\/DSC01914-scaled.jpg?fit=2560%2C1707&amp;ssl=1\" data-orig-size=\"2560,1707\" data-comments-opened=\"0\" data-image-meta=\"{&quot;aperture&quot;:&quot;2.8&quot;,&quot;credit&quot;:&quot;&quot;,&quot;camera&quot;:&quot;ILCE-7M3&quot;,&quot;caption&quot;:&quot;&quot;,&quot;created_timestamp&quot;:&quot;1514824806&quot;,&quot;copyright&quot;:&quot;&quot;,&quot;focal_length&quot;:&quot;44&quot;,&quot;iso&quot;:&quot;2500&quot;,&quot;shutter_speed&quot;:&quot;0.00625&quot;,&quot;title&quot;:&quot;&quot;,&quot;orientation&quot;:&quot;1&quot;}\" data-image-title=\"DSC01914\" data-image-description=\"\" data-image-caption=\"\" data-large-file=\"https:\/\/i0.wp.com\/www.claret.org\/wp-content\/uploads\/2022\/04\/DSC01914-scaled.jpg?fit=1024%2C683&amp;ssl=1\" data-id=\"120268\" src=\"https:\/\/i0.wp.com\/www.claret.org\/wp-content\/uploads\/2022\/04\/DSC01914-scaled.jpg?resize=1080%2C720&#038;ssl=1\" alt=\"\" class=\"wp-image-120268\" title=\"\" srcset=\"https:\/\/www.claret.org\/wp-content\/uploads\/2022\/04\/DSC01914-scaled.jpg 2560w, https:\/\/www.claret.org\/wp-content\/uploads\/2022\/04\/DSC01914-1280x854.jpg 1280w, https:\/\/www.claret.org\/wp-content\/uploads\/2022\/04\/DSC01914-980x653.jpg 980w, https:\/\/www.claret.org\/wp-content\/uploads\/2022\/04\/DSC01914-480x320.jpg 480w\" sizes=\"(min-width: 0px) and (max-width: 480px) 480px, (min-width: 481px) and (max-width: 980px) 980px, (min-width: 981px) and (max-width: 1280px) 1280px, (min-width: 1281px) 2560px, 100vw\" \/><\/figure>\n\n\n<figure class=\"wp-block-image size-large\"><img data-recalc-dims=\"1\" loading=\"lazy\" decoding=\"async\" width=\"1080\" height=\"720\" data-attachment-id=\"120274\" data-permalink=\"https:\/\/www.claret.org\/es\/en-cristo-inflamados-para-la-mision-viii-capitulo-provincial-de-chennai\/dsc01953-2\/\" data-orig-file=\"https:\/\/i0.wp.com\/www.claret.org\/wp-content\/uploads\/2022\/04\/DSC01953-scaled.jpg?fit=2560%2C1707&amp;ssl=1\" data-orig-size=\"2560,1707\" data-comments-opened=\"0\" data-image-meta=\"{&quot;aperture&quot;:&quot;2.8&quot;,&quot;credit&quot;:&quot;&quot;,&quot;camera&quot;:&quot;ILCE-7M3&quot;,&quot;caption&quot;:&quot;&quot;,&quot;created_timestamp&quot;:&quot;1514850746&quot;,&quot;copyright&quot;:&quot;&quot;,&quot;focal_length&quot;:&quot;28&quot;,&quot;iso&quot;:&quot;1600&quot;,&quot;shutter_speed&quot;:&quot;0.00625&quot;,&quot;title&quot;:&quot;&quot;,&quot;orientation&quot;:&quot;1&quot;}\" data-image-title=\"DSC01953\" data-image-description=\"\" data-image-caption=\"\" data-large-file=\"https:\/\/i0.wp.com\/www.claret.org\/wp-content\/uploads\/2022\/04\/DSC01953-scaled.jpg?fit=1024%2C683&amp;ssl=1\" data-id=\"120274\" src=\"https:\/\/i0.wp.com\/www.claret.org\/wp-content\/uploads\/2022\/04\/DSC01953-scaled.jpg?resize=1080%2C720&#038;ssl=1\" alt=\"\" class=\"wp-image-120274\" title=\"\" srcset=\"https:\/\/www.claret.org\/wp-content\/uploads\/2022\/04\/DSC01953-scaled.jpg 2560w, https:\/\/www.claret.org\/wp-content\/uploads\/2022\/04\/DSC01953-1280x854.jpg 1280w, https:\/\/www.claret.org\/wp-content\/uploads\/2022\/04\/DSC01953-980x653.jpg 980w, https:\/\/www.claret.org\/wp-content\/uploads\/2022\/04\/DSC01953-480x320.jpg 480w\" sizes=\"(min-width: 0px) and (max-width: 480px) 480px, (min-width: 481px) and (max-width: 980px) 980px, (min-width: 981px) and (max-width: 1280px) 1280px, (min-width: 1281px) 2560px, 100vw\" \/><\/figure>\n\n\n<figure class=\"wp-block-image size-large\"><img data-recalc-dims=\"1\" loading=\"lazy\" decoding=\"async\" width=\"1080\" height=\"720\" data-attachment-id=\"120280\" data-permalink=\"https:\/\/www.claret.org\/es\/en-cristo-inflamados-para-la-mision-viii-capitulo-provincial-de-chennai\/dsc01960-2\/\" data-orig-file=\"https:\/\/i0.wp.com\/www.claret.org\/wp-content\/uploads\/2022\/04\/DSC01960-scaled.jpg?fit=2560%2C1707&amp;ssl=1\" data-orig-size=\"2560,1707\" data-comments-opened=\"0\" data-image-meta=\"{&quot;aperture&quot;:&quot;3.5&quot;,&quot;credit&quot;:&quot;&quot;,&quot;camera&quot;:&quot;ILCE-7M3&quot;,&quot;caption&quot;:&quot;&quot;,&quot;created_timestamp&quot;:&quot;1514859145&quot;,&quot;copyright&quot;:&quot;&quot;,&quot;focal_length&quot;:&quot;39&quot;,&quot;iso&quot;:&quot;12800&quot;,&quot;shutter_speed&quot;:&quot;0.00625&quot;,&quot;title&quot;:&quot;&quot;,&quot;orientation&quot;:&quot;1&quot;}\" data-image-title=\"DSC01960\" data-image-description=\"\" data-image-caption=\"\" data-large-file=\"https:\/\/i0.wp.com\/www.claret.org\/wp-content\/uploads\/2022\/04\/DSC01960-scaled.jpg?fit=1024%2C683&amp;ssl=1\" data-id=\"120280\" src=\"https:\/\/i0.wp.com\/www.claret.org\/wp-content\/uploads\/2022\/04\/DSC01960-scaled.jpg?resize=1080%2C720&#038;ssl=1\" alt=\"\" class=\"wp-image-120280\" title=\"\" srcset=\"https:\/\/www.claret.org\/wp-content\/uploads\/2022\/04\/DSC01960-scaled.jpg 2560w, https:\/\/www.claret.org\/wp-content\/uploads\/2022\/04\/DSC01960-1280x854.jpg 1280w, https:\/\/www.claret.org\/wp-content\/uploads\/2022\/04\/DSC01960-980x653.jpg 980w, https:\/\/www.claret.org\/wp-content\/uploads\/2022\/04\/DSC01960-480x320.jpg 480w\" sizes=\"(min-width: 0px) and (max-width: 480px) 480px, (min-width: 481px) and (max-width: 980px) 980px, (min-width: 981px) and (max-width: 1280px) 1280px, (min-width: 1281px) 2560px, 100vw\" \/><\/figure>\n\n\n<figure class=\"wp-block-image size-large\"><img data-recalc-dims=\"1\" loading=\"lazy\" decoding=\"async\" width=\"1080\" height=\"720\" data-attachment-id=\"120286\" data-permalink=\"https:\/\/www.claret.org\/es\/en-cristo-inflamados-para-la-mision-viii-capitulo-provincial-de-chennai\/dsc01967-2\/\" data-orig-file=\"https:\/\/i0.wp.com\/www.claret.org\/wp-content\/uploads\/2022\/04\/DSC01967-scaled.jpg?fit=2560%2C1707&amp;ssl=1\" data-orig-size=\"2560,1707\" data-comments-opened=\"0\" data-image-meta=\"{&quot;aperture&quot;:&quot;4&quot;,&quot;credit&quot;:&quot;&quot;,&quot;camera&quot;:&quot;ILCE-7M3&quot;,&quot;caption&quot;:&quot;&quot;,&quot;created_timestamp&quot;:&quot;1514859294&quot;,&quot;copyright&quot;:&quot;&quot;,&quot;focal_length&quot;:&quot;39&quot;,&quot;iso&quot;:&quot;10000&quot;,&quot;shutter_speed&quot;:&quot;0.00625&quot;,&quot;title&quot;:&quot;&quot;,&quot;orientation&quot;:&quot;1&quot;}\" data-image-title=\"DSC01967\" data-image-description=\"\" data-image-caption=\"\" data-large-file=\"https:\/\/i0.wp.com\/www.claret.org\/wp-content\/uploads\/2022\/04\/DSC01967-scaled.jpg?fit=1024%2C683&amp;ssl=1\" data-id=\"120286\" src=\"https:\/\/i0.wp.com\/www.claret.org\/wp-content\/uploads\/2022\/04\/DSC01967-scaled.jpg?resize=1080%2C720&#038;ssl=1\" alt=\"\" class=\"wp-image-120286\" title=\"\" srcset=\"https:\/\/www.claret.org\/wp-content\/uploads\/2022\/04\/DSC01967-scaled.jpg 2560w, https:\/\/www.claret.org\/wp-content\/uploads\/2022\/04\/DSC01967-1280x854.jpg 1280w, https:\/\/www.claret.org\/wp-content\/uploads\/2022\/04\/DSC01967-980x653.jpg 980w, https:\/\/www.claret.org\/wp-content\/uploads\/2022\/04\/DSC01967-480x320.jpg 480w\" sizes=\"(min-width: 0px) and (max-width: 480px) 480px, (min-width: 481px) and (max-width: 980px) 980px, (min-width: 981px) and (max-width: 1280px) 1280px, (min-width: 1281px) 2560px, 100vw\" \/><\/figure>\n\n\n<figure class=\"wp-block-image size-large\"><img data-recalc-dims=\"1\" loading=\"lazy\" decoding=\"async\" width=\"1080\" height=\"720\" data-attachment-id=\"120292\" data-permalink=\"https:\/\/www.claret.org\/es\/en-cristo-inflamados-para-la-mision-viii-capitulo-provincial-de-chennai\/dsc01970-2\/\" data-orig-file=\"https:\/\/i0.wp.com\/www.claret.org\/wp-content\/uploads\/2022\/04\/DSC01970-scaled.jpg?fit=2560%2C1707&amp;ssl=1\" data-orig-size=\"2560,1707\" data-comments-opened=\"0\" data-image-meta=\"{&quot;aperture&quot;:&quot;4&quot;,&quot;credit&quot;:&quot;&quot;,&quot;camera&quot;:&quot;ILCE-7M3&quot;,&quot;caption&quot;:&quot;&quot;,&quot;created_timestamp&quot;:&quot;1514859359&quot;,&quot;copyright&quot;:&quot;&quot;,&quot;focal_length&quot;:&quot;39&quot;,&quot;iso&quot;:&quot;8000&quot;,&quot;shutter_speed&quot;:&quot;0.00625&quot;,&quot;title&quot;:&quot;&quot;,&quot;orientation&quot;:&quot;1&quot;}\" data-image-title=\"DSC01970\" data-image-description=\"\" data-image-caption=\"\" data-large-file=\"https:\/\/i0.wp.com\/www.claret.org\/wp-content\/uploads\/2022\/04\/DSC01970-scaled.jpg?fit=1024%2C683&amp;ssl=1\" data-id=\"120292\" src=\"https:\/\/i0.wp.com\/www.claret.org\/wp-content\/uploads\/2022\/04\/DSC01970-scaled.jpg?resize=1080%2C720&#038;ssl=1\" alt=\"\" class=\"wp-image-120292\" title=\"\" srcset=\"https:\/\/www.claret.org\/wp-content\/uploads\/2022\/04\/DSC01970-scaled.jpg 2560w, https:\/\/www.claret.org\/wp-content\/uploads\/2022\/04\/DSC01970-1280x854.jpg 1280w, https:\/\/www.claret.org\/wp-content\/uploads\/2022\/04\/DSC01970-980x653.jpg 980w, https:\/\/www.claret.org\/wp-content\/uploads\/2022\/04\/DSC01970-480x320.jpg 480w\" sizes=\"(min-width: 0px) and (max-width: 480px) 480px, (min-width: 481px) and (max-width: 980px) 980px, (min-width: 981px) and (max-width: 1280px) 1280px, (min-width: 1281px) 2560px, 100vw\" \/><\/figure><figcaption class=\"blocks-gallery-caption\">El Segundo D\u00eda Del Cap\u00edtulo En Im\u00e1genes<\/figcaption><\/figure>\n\n<p><\/p>\n\n<p>El tercer d\u00eda del Cap\u00edtulo comenz\u00f3 con la Eucarist\u00eda de acci\u00f3n de gracias celebrada por el Gobierno Provincial saliente. Durante la homil\u00eda, el P. Jesu Doss CMF, Superior Provincial saliente de Chennai, dio las gracias a todos los miembros de la Provincia.<\/p>\n\n<p>En la sala capitular, el P. Henry Omonisaye CMF dio la bienvenida al P. Prince Carneelyes CMF, el misionero malayo que se uni\u00f3 al Cap\u00edtulo el tercer d\u00eda. Se pidi\u00f3 a los grupos que continuaran el debate sobre la fase de descubrimiento. A continuaci\u00f3n, presentaron los informes de la discusi\u00f3n y el Gobierno Provincial aclar\u00f3 las preguntas que se les presentaron. A continuaci\u00f3n, el Presidente del Cap\u00edtulo present\u00f3 la fase de los sue\u00f1os, tras lo cual los grupos debatieron y presentaron los sue\u00f1os.  <\/p>\n\n<p><\/p>\n\n<figure class=\"wp-block-gallery has-nested-images columns-default is-cropped wp-block-gallery-4 is-layout-flex wp-block-gallery-is-layout-flex\">\n<figure class=\"wp-block-image size-large\"><img data-recalc-dims=\"1\" loading=\"lazy\" decoding=\"async\" width=\"1080\" height=\"525\" data-attachment-id=\"120298\" data-permalink=\"https:\/\/www.claret.org\/es\/en-cristo-inflamados-para-la-mision-viii-capitulo-provincial-de-chennai\/20220420_183300-2\/\" data-orig-file=\"https:\/\/i0.wp.com\/www.claret.org\/wp-content\/uploads\/2022\/04\/20220420_183300-scaled.jpg?fit=2560%2C1244&amp;ssl=1\" data-orig-size=\"2560,1244\" data-comments-opened=\"0\" data-image-meta=\"{&quot;aperture&quot;:&quot;1.7&quot;,&quot;credit&quot;:&quot;&quot;,&quot;camera&quot;:&quot;SM-J810G&quot;,&quot;caption&quot;:&quot;&quot;,&quot;created_timestamp&quot;:&quot;1650479580&quot;,&quot;copyright&quot;:&quot;&quot;,&quot;focal_length&quot;:&quot;3.93&quot;,&quot;iso&quot;:&quot;200&quot;,&quot;shutter_speed&quot;:&quot;0.04&quot;,&quot;title&quot;:&quot;&quot;,&quot;orientation&quot;:&quot;1&quot;}\" data-image-title=\"20220420_183300\" data-image-description=\"\" data-image-caption=\"\" data-large-file=\"https:\/\/i0.wp.com\/www.claret.org\/wp-content\/uploads\/2022\/04\/20220420_183300-scaled.jpg?fit=1024%2C498&amp;ssl=1\" data-id=\"120298\" src=\"https:\/\/i0.wp.com\/www.claret.org\/wp-content\/uploads\/2022\/04\/20220420_183300-scaled.jpg?resize=1080%2C525&#038;ssl=1\" alt=\"\" class=\"wp-image-120298\" title=\"\" srcset=\"https:\/\/www.claret.org\/wp-content\/uploads\/2022\/04\/20220420_183300-scaled.jpg 2560w, https:\/\/www.claret.org\/wp-content\/uploads\/2022\/04\/20220420_183300-1280x622.jpg 1280w, https:\/\/www.claret.org\/wp-content\/uploads\/2022\/04\/20220420_183300-980x476.jpg 980w, https:\/\/www.claret.org\/wp-content\/uploads\/2022\/04\/20220420_183300-480x233.jpg 480w\" sizes=\"(min-width: 0px) and (max-width: 480px) 480px, (min-width: 481px) and (max-width: 980px) 980px, (min-width: 981px) and (max-width: 1280px) 1280px, (min-width: 1281px) 2560px, 100vw\" \/><\/figure>\n\n\n<figure class=\"wp-block-image size-large\"><img data-recalc-dims=\"1\" loading=\"lazy\" decoding=\"async\" width=\"1080\" height=\"525\" data-attachment-id=\"120304\" data-permalink=\"https:\/\/www.claret.org\/es\/en-cristo-inflamados-para-la-mision-viii-capitulo-provincial-de-chennai\/20220420_183423-2\/\" data-orig-file=\"https:\/\/i0.wp.com\/www.claret.org\/wp-content\/uploads\/2022\/04\/20220420_183423-scaled.jpg?fit=2560%2C1244&amp;ssl=1\" data-orig-size=\"2560,1244\" data-comments-opened=\"0\" data-image-meta=\"{&quot;aperture&quot;:&quot;1.7&quot;,&quot;credit&quot;:&quot;&quot;,&quot;camera&quot;:&quot;SM-J810G&quot;,&quot;caption&quot;:&quot;&quot;,&quot;created_timestamp&quot;:&quot;1650479663&quot;,&quot;copyright&quot;:&quot;&quot;,&quot;focal_length&quot;:&quot;3.93&quot;,&quot;iso&quot;:&quot;320&quot;,&quot;shutter_speed&quot;:&quot;0.04&quot;,&quot;title&quot;:&quot;&quot;,&quot;orientation&quot;:&quot;1&quot;}\" data-image-title=\"20220420_183423\" data-image-description=\"\" data-image-caption=\"\" data-large-file=\"https:\/\/i0.wp.com\/www.claret.org\/wp-content\/uploads\/2022\/04\/20220420_183423-scaled.jpg?fit=1024%2C498&amp;ssl=1\" data-id=\"120304\" src=\"https:\/\/i0.wp.com\/www.claret.org\/wp-content\/uploads\/2022\/04\/20220420_183423-scaled.jpg?resize=1080%2C525&#038;ssl=1\" alt=\"\" class=\"wp-image-120304\" title=\"\" srcset=\"https:\/\/www.claret.org\/wp-content\/uploads\/2022\/04\/20220420_183423-scaled.jpg 2560w, https:\/\/www.claret.org\/wp-content\/uploads\/2022\/04\/20220420_183423-1280x622.jpg 1280w, https:\/\/www.claret.org\/wp-content\/uploads\/2022\/04\/20220420_183423-980x476.jpg 980w, https:\/\/www.claret.org\/wp-content\/uploads\/2022\/04\/20220420_183423-480x233.jpg 480w\" sizes=\"(min-width: 0px) and (max-width: 480px) 480px, (min-width: 481px) and (max-width: 980px) 980px, (min-width: 981px) and (max-width: 1280px) 1280px, (min-width: 1281px) 2560px, 100vw\" \/><\/figure>\n\n\n<figure class=\"wp-block-image size-large\"><img data-recalc-dims=\"1\" loading=\"lazy\" decoding=\"async\" width=\"1080\" height=\"720\" data-attachment-id=\"120310\" data-permalink=\"https:\/\/www.claret.org\/es\/en-cristo-inflamados-para-la-mision-viii-capitulo-provincial-de-chennai\/dsc01986-2\/\" data-orig-file=\"https:\/\/i0.wp.com\/www.claret.org\/wp-content\/uploads\/2022\/04\/DSC01986-scaled.jpg?fit=2560%2C1707&amp;ssl=1\" data-orig-size=\"2560,1707\" data-comments-opened=\"0\" data-image-meta=\"{&quot;aperture&quot;:&quot;4&quot;,&quot;credit&quot;:&quot;&quot;,&quot;camera&quot;:&quot;ILCE-7M3&quot;,&quot;caption&quot;:&quot;&quot;,&quot;created_timestamp&quot;:&quot;1514917184&quot;,&quot;copyright&quot;:&quot;&quot;,&quot;focal_length&quot;:&quot;38&quot;,&quot;iso&quot;:&quot;6400&quot;,&quot;shutter_speed&quot;:&quot;0.00625&quot;,&quot;title&quot;:&quot;&quot;,&quot;orientation&quot;:&quot;1&quot;}\" data-image-title=\"DSC01986\" data-image-description=\"\" data-image-caption=\"\" data-large-file=\"https:\/\/i0.wp.com\/www.claret.org\/wp-content\/uploads\/2022\/04\/DSC01986-scaled.jpg?fit=1024%2C683&amp;ssl=1\" data-id=\"120310\" src=\"https:\/\/i0.wp.com\/www.claret.org\/wp-content\/uploads\/2022\/04\/DSC01986-scaled.jpg?resize=1080%2C720&#038;ssl=1\" alt=\"\" class=\"wp-image-120310\" title=\"\" srcset=\"https:\/\/www.claret.org\/wp-content\/uploads\/2022\/04\/DSC01986-scaled.jpg 2560w, https:\/\/www.claret.org\/wp-content\/uploads\/2022\/04\/DSC01986-1280x854.jpg 1280w, https:\/\/www.claret.org\/wp-content\/uploads\/2022\/04\/DSC01986-980x653.jpg 980w, https:\/\/www.claret.org\/wp-content\/uploads\/2022\/04\/DSC01986-480x320.jpg 480w\" sizes=\"(min-width: 0px) and (max-width: 480px) 480px, (min-width: 481px) and (max-width: 980px) 980px, (min-width: 981px) and (max-width: 1280px) 1280px, (min-width: 1281px) 2560px, 100vw\" \/><\/figure>\n\n\n<figure class=\"wp-block-image size-large\"><img data-recalc-dims=\"1\" loading=\"lazy\" decoding=\"async\" width=\"1080\" height=\"720\" data-attachment-id=\"120316\" data-permalink=\"https:\/\/www.claret.org\/es\/en-cristo-inflamados-para-la-mision-viii-capitulo-provincial-de-chennai\/dsc01996-2\/\" data-orig-file=\"https:\/\/i0.wp.com\/www.claret.org\/wp-content\/uploads\/2022\/04\/DSC01996-scaled.jpg?fit=2560%2C1707&amp;ssl=1\" data-orig-size=\"2560,1707\" data-comments-opened=\"0\" data-image-meta=\"{&quot;aperture&quot;:&quot;4&quot;,&quot;credit&quot;:&quot;&quot;,&quot;camera&quot;:&quot;ILCE-7M3&quot;,&quot;caption&quot;:&quot;&quot;,&quot;created_timestamp&quot;:&quot;1514922397&quot;,&quot;copyright&quot;:&quot;&quot;,&quot;focal_length&quot;:&quot;75&quot;,&quot;iso&quot;:&quot;4000&quot;,&quot;shutter_speed&quot;:&quot;0.00625&quot;,&quot;title&quot;:&quot;&quot;,&quot;orientation&quot;:&quot;1&quot;}\" data-image-title=\"DSC01996\" data-image-description=\"\" data-image-caption=\"\" data-large-file=\"https:\/\/i0.wp.com\/www.claret.org\/wp-content\/uploads\/2022\/04\/DSC01996-scaled.jpg?fit=1024%2C683&amp;ssl=1\" data-id=\"120316\" src=\"https:\/\/i0.wp.com\/www.claret.org\/wp-content\/uploads\/2022\/04\/DSC01996-scaled.jpg?resize=1080%2C720&#038;ssl=1\" alt=\"\" class=\"wp-image-120316\" title=\"\" srcset=\"https:\/\/www.claret.org\/wp-content\/uploads\/2022\/04\/DSC01996-scaled.jpg 2560w, https:\/\/www.claret.org\/wp-content\/uploads\/2022\/04\/DSC01996-1280x854.jpg 1280w, https:\/\/www.claret.org\/wp-content\/uploads\/2022\/04\/DSC01996-980x653.jpg 980w, https:\/\/www.claret.org\/wp-content\/uploads\/2022\/04\/DSC01996-480x320.jpg 480w\" sizes=\"(min-width: 0px) and (max-width: 480px) 480px, (min-width: 481px) and (max-width: 980px) 980px, (min-width: 981px) and (max-width: 1280px) 1280px, (min-width: 1281px) 2560px, 100vw\" \/><\/figure>\n\n\n<figure class=\"wp-block-image size-large\"><img data-recalc-dims=\"1\" loading=\"lazy\" decoding=\"async\" width=\"1080\" height=\"720\" data-attachment-id=\"120322\" data-permalink=\"https:\/\/www.claret.org\/es\/en-cristo-inflamados-para-la-mision-viii-capitulo-provincial-de-chennai\/dsc02014-2\/\" data-orig-file=\"https:\/\/i0.wp.com\/www.claret.org\/wp-content\/uploads\/2022\/04\/DSC02014-scaled.jpg?fit=2560%2C1707&amp;ssl=1\" data-orig-size=\"2560,1707\" data-comments-opened=\"0\" data-image-meta=\"{&quot;aperture&quot;:&quot;4&quot;,&quot;credit&quot;:&quot;&quot;,&quot;camera&quot;:&quot;ILCE-7M3&quot;,&quot;caption&quot;:&quot;&quot;,&quot;created_timestamp&quot;:&quot;1514925911&quot;,&quot;copyright&quot;:&quot;&quot;,&quot;focal_length&quot;:&quot;75&quot;,&quot;iso&quot;:&quot;5000&quot;,&quot;shutter_speed&quot;:&quot;0.00625&quot;,&quot;title&quot;:&quot;&quot;,&quot;orientation&quot;:&quot;1&quot;}\" data-image-title=\"DSC02014\" data-image-description=\"\" data-image-caption=\"\" data-large-file=\"https:\/\/i0.wp.com\/www.claret.org\/wp-content\/uploads\/2022\/04\/DSC02014-scaled.jpg?fit=1024%2C683&amp;ssl=1\" data-id=\"120322\" src=\"https:\/\/i0.wp.com\/www.claret.org\/wp-content\/uploads\/2022\/04\/DSC02014-scaled.jpg?resize=1080%2C720&#038;ssl=1\" alt=\"\" class=\"wp-image-120322\" title=\"\" srcset=\"https:\/\/www.claret.org\/wp-content\/uploads\/2022\/04\/DSC02014-scaled.jpg 2560w, https:\/\/www.claret.org\/wp-content\/uploads\/2022\/04\/DSC02014-1280x854.jpg 1280w, https:\/\/www.claret.org\/wp-content\/uploads\/2022\/04\/DSC02014-980x653.jpg 980w, https:\/\/www.claret.org\/wp-content\/uploads\/2022\/04\/DSC02014-480x320.jpg 480w\" sizes=\"(min-width: 0px) and (max-width: 480px) 480px, (min-width: 481px) and (max-width: 980px) 980px, (min-width: 981px) and (max-width: 1280px) 1280px, (min-width: 1281px) 2560px, 100vw\" \/><\/figure>\n\n\n<figure class=\"wp-block-image size-large\"><img data-recalc-dims=\"1\" loading=\"lazy\" decoding=\"async\" width=\"1080\" height=\"607\" data-attachment-id=\"120328\" data-permalink=\"https:\/\/www.claret.org\/es\/en-cristo-inflamados-para-la-mision-viii-capitulo-provincial-de-chennai\/dsc02020-2\/\" data-orig-file=\"https:\/\/i0.wp.com\/www.claret.org\/wp-content\/uploads\/2022\/04\/DSC02020.jpeg?fit=1600%2C899&amp;ssl=1\" data-orig-size=\"1600,899\" data-comments-opened=\"0\" data-image-meta=\"{&quot;aperture&quot;:&quot;0&quot;,&quot;credit&quot;:&quot;&quot;,&quot;camera&quot;:&quot;&quot;,&quot;caption&quot;:&quot;&quot;,&quot;created_timestamp&quot;:&quot;0&quot;,&quot;copyright&quot;:&quot;&quot;,&quot;focal_length&quot;:&quot;0&quot;,&quot;iso&quot;:&quot;0&quot;,&quot;shutter_speed&quot;:&quot;0&quot;,&quot;title&quot;:&quot;&quot;,&quot;orientation&quot;:&quot;0&quot;}\" data-image-title=\"DSC02020\" data-image-description=\"\" data-image-caption=\"\" data-large-file=\"https:\/\/i0.wp.com\/www.claret.org\/wp-content\/uploads\/2022\/04\/DSC02020.jpeg?fit=1024%2C575&amp;ssl=1\" data-id=\"120328\" src=\"https:\/\/i0.wp.com\/www.claret.org\/wp-content\/uploads\/2022\/04\/DSC02020.jpeg?resize=1080%2C607&#038;ssl=1\" alt=\"\" class=\"wp-image-120328\" title=\"\" srcset=\"https:\/\/www.claret.org\/wp-content\/uploads\/2022\/04\/DSC02020.jpeg 1600w, https:\/\/www.claret.org\/wp-content\/uploads\/2022\/04\/DSC02020-1280x719.jpeg 1280w, https:\/\/www.claret.org\/wp-content\/uploads\/2022\/04\/DSC02020-980x551.jpeg 980w, https:\/\/www.claret.org\/wp-content\/uploads\/2022\/04\/DSC02020-480x270.jpeg 480w\" sizes=\"(min-width: 0px) and (max-width: 480px) 480px, (min-width: 481px) and (max-width: 980px) 980px, (min-width: 981px) and (max-width: 1280px) 1280px, (min-width: 1281px) 1600px, 100vw\" \/><\/figure><figcaption class=\"blocks-gallery-caption\">El Tercer D\u00eda Del Cap\u00edtulo En Im\u00e1genes<\/figcaption><\/figure>\n\n<p><\/p>\n\n<p>En el cuarto d\u00eda del VIII Cap\u00edtulo Provincial de la Provincia de los Misioneros Claretianos de Chennai, el P. Jesu Doss S., CMF, es reelegido como Superior Provincial para el pr\u00f3ximo sexenio 2022 &#8211; 2028.<\/p>\n\n<p class=\"has-vivid-red-color has-text-color\"><em>(Nota: Esta es una noticia que se va desarrollando y se ir\u00e1 actualizando a medida que avance el cap\u00edtulo)<\/em><\/p>\n","protected":false},"excerpt":{"rendered":"<p>Dindigul, India. El VIII Cap\u00edtulo Provincial de los Misioneros Claretianos de Chennai comenz\u00f3 el lunes 18 de abril de 2022, en la sede de Claretians-LIFE, Dindigul, en el estado de Tamil Nadu, India. El Cap\u00edtulo comenz\u00f3 oficialmente con la celebraci\u00f3n eucar\u00edstica presidida por el P. Henry Omonisaye, CMF, Vicario General de la Congregaci\u00f3n, y Presidente [&hellip;]<\/p>\n","protected":false},"author":2,"featured_media":119997,"comment_status":"closed","ping_status":"closed","sticky":false,"template":"","format":"standard","meta":{"_et_pb_use_builder":"off","_et_pb_old_content":"","_et_gb_content_width":"","footnotes":""},"categories":[231],"tags":[],"class_list":["post-120053","post","type-post","status-publish","format-standard","has-post-thumbnail","hentry","category-chennai-es"],"jetpack_featured_media_url":"https:\/\/i0.wp.com\/www.claret.org\/wp-content\/uploads\/2022\/04\/CH-20220418-VIII-Provincial-Chapter-1.webp?fit=1924%2C1282&ssl=1","jetpack_sharing_enabled":true,"jetpack_shortlink":"https:\/\/wp.me\/pdaBmi-vel","jetpack_likes_enabled":true,"_links":{"self":[{"href":"https:\/\/www.claret.org\/es\/wp-json\/wp\/v2\/posts\/120053","targetHints":{"allow":["GET"]}}],"collection":[{"href":"https:\/\/www.claret.org\/es\/wp-json\/wp\/v2\/posts"}],"about":[{"href":"https:\/\/www.claret.org\/es\/wp-json\/wp\/v2\/types\/post"}],"author":[{"embeddable":true,"href":"https:\/\/www.claret.org\/es\/wp-json\/wp\/v2\/users\/2"}],"replies":[{"embeddable":true,"href":"https:\/\/www.claret.org\/es\/wp-json\/wp\/v2\/comments?post=120053"}],"version-history":[{"count":0,"href":"https:\/\/www.claret.org\/es\/wp-json\/wp\/v2\/posts\/120053\/revisions"}],"wp:featuredmedia":[{"embeddable":true,"href":"https:\/\/www.claret.org\/es\/wp-json\/wp\/v2\/media\/119997"}],"wp:attachment":[{"href":"https:\/\/www.claret.org\/es\/wp-json\/wp\/v2\/media?parent=120053"}],"wp:term":[{"taxonomy":"category","embeddable":true,"href":"https:\/\/www.claret.org\/es\/wp-json\/wp\/v2\/categories?post=120053"},{"taxonomy":"post_tag","embeddable":true,"href":"https:\/\/www.claret.org\/es\/wp-json\/wp\/v2\/tags?post=120053"}],"curies":[{"name":"wp","href":"https:\/\/api.w.org\/{rel}","templated":true}]}}