{"id":120524,"date":"2022-04-23T10:08:48","date_gmt":"2022-04-23T08:08:48","guid":{"rendered":"https:\/\/www.claret.org\/mensaje-del-superior-general-para-el-dia-de-la-mision-claretiana-2022\/"},"modified":"2022-04-23T10:53:50","modified_gmt":"2022-04-23T08:53:50","slug":"mensaje-del-superior-general-para-el-dia-de-la-mision-claretiana-2022","status":"publish","type":"post","link":"https:\/\/www.claret.org\/es\/mensaje-del-superior-general-para-el-dia-de-la-mision-claretiana-2022\/","title":{"rendered":"Mensaje del Superior General para el D\u00eda de la Misi\u00f3n Claretiana 2022"},"content":{"rendered":"\n<p class=\"has-text-align-right\">Roma, 24 de abril de 2022<\/p>\n\n<p class=\"has-drop-cap\">Queridos amigos,<\/p>\n\n<p>\u00a1Saludos de la Alegr\u00eda de Pascua!<\/p>\n\n<p>El acontecimiento de la Pascua nos impulsa a mantener viva la esperanza de perseguir el sue\u00f1o de Dios para la humanidad que Jes\u00fas anunci\u00f3 como el Reino de Dios (Mt 3, 2). No perdamos la esperanza en medio de la tr\u00e1gica pandemia mundial y de las atrocidades causadas por los conflictos armados y la guerra en muchos lugares del planeta, especialmente en Ucrania. El camino para elevar a la humanidad a un plano superior de fraternidad y paz es el camino del di\u00e1logo, la solidaridad y el cuidado de unos a otros y del planeta.<\/p>\n\n<p>Cientos de nuestros misioneros est\u00e1n presentes en las diversas periferias de las luchas humanas en varios pa\u00edses tocando el sufrimiento de nuestros hermanos y hermanas. A menudo nuestros amigos y colaboradores no son dados a conocer nuestro carisma misionero y la misi\u00f3n que realizamos en otras partes del mundo. El D\u00eda de la Misi\u00f3n Claretiana es una ocasi\u00f3n para compartir sobre nuestra misi\u00f3n con nuestros amigos y bienhechores, y para fortalecer la red de solidaridad en la misi\u00f3n. Tambi\u00e9n recaudamos fondos en este d\u00eda para unirnos a los esfuerzos de los misioneros para aliviar algunas necesidades concretas en algunas misiones.<\/p>\n\n<p>Este a\u00f1o el D\u00eda de la Misi\u00f3n Claretiana es el 24 de abril de 2022, segundo Domingo despu\u00e9s de Pascua y Domingo de la Divina Misericordia. La Procura General de Misiones ha seleccionado <a href=\"https:\/\/www.claret.org\/claretian-mission-day-2022\/\" target=\"_blank\" rel=\"noreferrer noopener\">tres proyectos en el \u00e1rea de la salud en los continentes de Asia, \u00c1frica y Am\u00e9rica Latina.<\/a><\/p>\n\n<p>Os invito a todos a unir vuestras manos para hacer de este d\u00eda una ocasi\u00f3n especial de conciencia misionera, de oraci\u00f3n y de solidaridad por la humanidad que sufre.<\/p>\n\n<p>Vuestro hermano en Cristo,<\/p>\n\n<p><strong>P. Mathew Vattamattam, CMF<\/strong><\/p>\n\n<p><em>Superior General<\/em><\/p>\n","protected":false},"excerpt":{"rendered":"<p>Roma, 24 de abril de 2022 Queridos amigos, \u00a1Saludos de la Alegr\u00eda de Pascua! El acontecimiento de la Pascua nos impulsa a mantener viva la esperanza de perseguir el sue\u00f1o de Dios para la humanidad que Jes\u00fas anunci\u00f3 como el Reino de Dios (Mt 3, 2). No perdamos la esperanza en medio de la tr\u00e1gica [&hellip;]<\/p>\n","protected":false},"author":2,"featured_media":120504,"comment_status":"closed","ping_status":"closed","sticky":false,"template":"","format":"standard","meta":{"_et_pb_use_builder":"off","_et_pb_old_content":"","_et_gb_content_width":"","footnotes":""},"categories":[448,607],"tags":[],"class_list":["post-120524","post","type-post","status-publish","format-standard","has-post-thumbnail","hentry","category-procura-mision","category-tablero"],"jetpack_featured_media_url":"https:\/\/i0.wp.com\/www.claret.org\/wp-content\/uploads\/2022\/04\/mision-es-copy.webp?fit=1366%2C768&ssl=1","jetpack_sharing_enabled":true,"jetpack_shortlink":"https:\/\/wp.me\/pdaBmi-vlW","jetpack_likes_enabled":true,"_links":{"self":[{"href":"https:\/\/www.claret.org\/es\/wp-json\/wp\/v2\/posts\/120524","targetHints":{"allow":["GET"]}}],"collection":[{"href":"https:\/\/www.claret.org\/es\/wp-json\/wp\/v2\/posts"}],"about":[{"href":"https:\/\/www.claret.org\/es\/wp-json\/wp\/v2\/types\/post"}],"author":[{"embeddable":true,"href":"https:\/\/www.claret.org\/es\/wp-json\/wp\/v2\/users\/2"}],"replies":[{"embeddable":true,"href":"https:\/\/www.claret.org\/es\/wp-json\/wp\/v2\/comments?post=120524"}],"version-history":[{"count":0,"href":"https:\/\/www.claret.org\/es\/wp-json\/wp\/v2\/posts\/120524\/revisions"}],"wp:featuredmedia":[{"embeddable":true,"href":"https:\/\/www.claret.org\/es\/wp-json\/wp\/v2\/media\/120504"}],"wp:attachment":[{"href":"https:\/\/www.claret.org\/es\/wp-json\/wp\/v2\/media?parent=120524"}],"wp:term":[{"taxonomy":"category","embeddable":true,"href":"https:\/\/www.claret.org\/es\/wp-json\/wp\/v2\/categories?post=120524"},{"taxonomy":"post_tag","embeddable":true,"href":"https:\/\/www.claret.org\/es\/wp-json\/wp\/v2\/tags?post=120524"}],"curies":[{"name":"wp","href":"https:\/\/api.w.org\/{rel}","templated":true}]}}