{"id":121222,"date":"2022-05-05T19:11:41","date_gmt":"2022-05-05T17:11:41","guid":{"rendered":"https:\/\/www.claret.org\/nuevo-gobierno-de-la-provincia-de-mexico\/"},"modified":"2022-05-05T19:14:43","modified_gmt":"2022-05-05T17:14:43","slug":"nuevo-gobierno-de-la-provincia-de-mexico","status":"publish","type":"post","link":"https:\/\/www.claret.org\/es\/nuevo-gobierno-de-la-provincia-de-mexico\/","title":{"rendered":"Nuevo Gobierno de la Provincia de M\u00e9xico"},"content":{"rendered":"\n<p class=\"has-drop-cap\"><strong>Morelia, M\u00e9xico.<\/strong> En la sesi\u00f3n matutina del 5 de mayo de 2022, reunida en Morelia, Mich., sede del XVII Cap\u00edtulo Provincial de los Misioneros Claretianos de M\u00e9xico, los miembros del Cap\u00edtulo, con la ayuda del Esp\u00edritu Santo, eligieron como nuevos Prefectos y Consultores a los siguientes:<\/p>\n\n<p>P. Juan Manuel Buzo S\u00e1nchez, cmf &#8211; Consultor y Prefecto de Apostolado<\/p>\n\n<p>P. Alejandro Cer\u00f3n Rossainz, cmf &#8211; Consultor y Prefecto de Formaci\u00f3n<\/p>\n\n<p>H. Adolfo Villase\u00f1or Rangel, cmf &#8211; Consultor y Ec\u00f3nomo Provincial<\/p>\n","protected":false},"excerpt":{"rendered":"<p>Morelia, M\u00e9xico. En la sesi\u00f3n matutina del 5 de mayo de 2022, reunida en Morelia, Mich., sede del XVII Cap\u00edtulo Provincial de los Misioneros Claretianos de M\u00e9xico, los miembros del Cap\u00edtulo, con la ayuda del Esp\u00edritu Santo, eligieron como nuevos Prefectos y Consultores a los siguientes: P. Juan Manuel Buzo S\u00e1nchez, cmf &#8211; Consultor y [&hellip;]<\/p>\n","protected":false},"author":2,"featured_media":121220,"comment_status":"closed","ping_status":"closed","sticky":false,"template":"","format":"standard","meta":{"_et_pb_use_builder":"","_et_pb_old_content":"","_et_gb_content_width":"","footnotes":""},"categories":[386],"tags":[],"class_list":["post-121222","post","type-post","status-publish","format-standard","has-post-thumbnail","hentry","category-mexico-es"],"jetpack_featured_media_url":"https:\/\/i0.wp.com\/www.claret.org\/wp-content\/uploads\/2022\/05\/MX-20220505-Nuevo-gobierno.webp?fit=1280%2C720&ssl=1","jetpack_sharing_enabled":true,"jetpack_shortlink":"https:\/\/wp.me\/pdaBmi-vxc","jetpack_likes_enabled":true,"_links":{"self":[{"href":"https:\/\/www.claret.org\/es\/wp-json\/wp\/v2\/posts\/121222","targetHints":{"allow":["GET"]}}],"collection":[{"href":"https:\/\/www.claret.org\/es\/wp-json\/wp\/v2\/posts"}],"about":[{"href":"https:\/\/www.claret.org\/es\/wp-json\/wp\/v2\/types\/post"}],"author":[{"embeddable":true,"href":"https:\/\/www.claret.org\/es\/wp-json\/wp\/v2\/users\/2"}],"replies":[{"embeddable":true,"href":"https:\/\/www.claret.org\/es\/wp-json\/wp\/v2\/comments?post=121222"}],"version-history":[{"count":0,"href":"https:\/\/www.claret.org\/es\/wp-json\/wp\/v2\/posts\/121222\/revisions"}],"wp:featuredmedia":[{"embeddable":true,"href":"https:\/\/www.claret.org\/es\/wp-json\/wp\/v2\/media\/121220"}],"wp:attachment":[{"href":"https:\/\/www.claret.org\/es\/wp-json\/wp\/v2\/media?parent=121222"}],"wp:term":[{"taxonomy":"category","embeddable":true,"href":"https:\/\/www.claret.org\/es\/wp-json\/wp\/v2\/categories?post=121222"},{"taxonomy":"post_tag","embeddable":true,"href":"https:\/\/www.claret.org\/es\/wp-json\/wp\/v2\/tags?post=121222"}],"curies":[{"name":"wp","href":"https:\/\/api.w.org\/{rel}","templated":true}]}}