{"id":122867,"date":"2022-05-20T12:00:15","date_gmt":"2022-05-20T10:00:15","guid":{"rendered":"https:\/\/www.claret.org\/desafiados-a-ser-animados-por-cristo\/"},"modified":"2022-05-23T10:47:57","modified_gmt":"2022-05-23T08:47:57","slug":"desafiados-a-ser-animados-por-cristo","status":"publish","type":"post","link":"https:\/\/www.claret.org\/es\/desafiados-a-ser-animados-por-cristo\/","title":{"rendered":"Desafiados a \u00abser animados por Cristo\u00bb"},"content":{"rendered":"\n<p class=\"has-drop-cap\"><strong>Nekede, Nigeria.<\/strong> \u00abSed animados por Cristo\u00bb, fueron las palabras del Canciller y Administrador Apost\u00f3lico de la Archidi\u00f3cesis Cat\u00f3lica de Owerri, el Reverendo Anthony J.V. Obinna, a los matriculados de la Universidad Claretiana de Nigeria (CUN) durante la primera Ceremonia de Matriculaci\u00f3n el 13 de mayo de 2022, en el campus universitario de Maryland Nekede Owerri, Estado de Imo.<\/p>\n\n<p><\/p>\n\n<figure class=\"wp-block-gallery has-nested-images columns-default is-cropped wp-block-gallery-1 is-layout-flex wp-block-gallery-is-layout-flex\">\n<figure class=\"wp-block-image size-full\"><a href=\"https:\/\/i0.wp.com\/www.claret.org\/wp-content\/uploads\/2022\/05\/EN-20220513-CUN-opening-19.jpeg?ssl=1\"><img data-recalc-dims=\"1\" loading=\"lazy\" decoding=\"async\" width=\"1080\" height=\"715\" data-attachment-id=\"122636\" data-permalink=\"https:\/\/www.claret.org\/es\/desafiados-a-ser-animados-por-cristo\/en-20220513-cun-opening-19-2\/\" data-orig-file=\"https:\/\/i0.wp.com\/www.claret.org\/wp-content\/uploads\/2022\/05\/EN-20220513-CUN-opening-19.jpeg?fit=2000%2C1324&amp;ssl=1\" data-orig-size=\"2000,1324\" data-comments-opened=\"0\" data-image-meta=\"{&quot;aperture&quot;:&quot;0&quot;,&quot;credit&quot;:&quot;&quot;,&quot;camera&quot;:&quot;&quot;,&quot;caption&quot;:&quot;&quot;,&quot;created_timestamp&quot;:&quot;0&quot;,&quot;copyright&quot;:&quot;&quot;,&quot;focal_length&quot;:&quot;0&quot;,&quot;iso&quot;:&quot;0&quot;,&quot;shutter_speed&quot;:&quot;0&quot;,&quot;title&quot;:&quot;&quot;,&quot;orientation&quot;:&quot;0&quot;}\" data-image-title=\"EN-20220513 CUN opening (19)\" data-image-description=\"\" data-image-caption=\"\" data-large-file=\"https:\/\/i0.wp.com\/www.claret.org\/wp-content\/uploads\/2022\/05\/EN-20220513-CUN-opening-19.jpeg?fit=1024%2C678&amp;ssl=1\" data-id=\"122636\" src=\"https:\/\/i0.wp.com\/www.claret.org\/wp-content\/uploads\/2022\/05\/EN-20220513-CUN-opening-19.jpeg?resize=1080%2C715&#038;ssl=1\" alt=\"\" class=\"wp-image-122636\" title=\"\" srcset=\"https:\/\/www.claret.org\/wp-content\/uploads\/2022\/05\/EN-20220513-CUN-opening-19.jpeg 2000w, https:\/\/www.claret.org\/wp-content\/uploads\/2022\/05\/EN-20220513-CUN-opening-19-1280x847.jpeg 1280w, https:\/\/www.claret.org\/wp-content\/uploads\/2022\/05\/EN-20220513-CUN-opening-19-980x649.jpeg 980w, https:\/\/www.claret.org\/wp-content\/uploads\/2022\/05\/EN-20220513-CUN-opening-19-480x318.jpeg 480w\" sizes=\"(min-width: 0px) and (max-width: 480px) 480px, (min-width: 481px) and (max-width: 980px) 980px, (min-width: 981px) and (max-width: 1280px) 1280px, (min-width: 1281px) 2000px, 100vw\" \/><\/a><\/figure>\n\n\n<figure class=\"wp-block-image size-full\"><a href=\"https:\/\/i0.wp.com\/www.claret.org\/wp-content\/uploads\/2022\/05\/EN-20220513-CUN-opening-10.jpeg?ssl=1\"><img data-recalc-dims=\"1\" loading=\"lazy\" decoding=\"async\" width=\"1080\" height=\"715\" data-attachment-id=\"122642\" data-permalink=\"https:\/\/www.claret.org\/es\/desafiados-a-ser-animados-por-cristo\/en-20220513-cun-opening-10-2\/\" data-orig-file=\"https:\/\/i0.wp.com\/www.claret.org\/wp-content\/uploads\/2022\/05\/EN-20220513-CUN-opening-10.jpeg?fit=2000%2C1324&amp;ssl=1\" data-orig-size=\"2000,1324\" data-comments-opened=\"0\" data-image-meta=\"{&quot;aperture&quot;:&quot;0&quot;,&quot;credit&quot;:&quot;&quot;,&quot;camera&quot;:&quot;&quot;,&quot;caption&quot;:&quot;&quot;,&quot;created_timestamp&quot;:&quot;0&quot;,&quot;copyright&quot;:&quot;&quot;,&quot;focal_length&quot;:&quot;0&quot;,&quot;iso&quot;:&quot;0&quot;,&quot;shutter_speed&quot;:&quot;0&quot;,&quot;title&quot;:&quot;&quot;,&quot;orientation&quot;:&quot;0&quot;}\" data-image-title=\"EN-20220513 CUN opening (10)\" data-image-description=\"\" data-image-caption=\"\" data-large-file=\"https:\/\/i0.wp.com\/www.claret.org\/wp-content\/uploads\/2022\/05\/EN-20220513-CUN-opening-10.jpeg?fit=1024%2C678&amp;ssl=1\" data-id=\"122642\" src=\"https:\/\/i0.wp.com\/www.claret.org\/wp-content\/uploads\/2022\/05\/EN-20220513-CUN-opening-10.jpeg?resize=1080%2C715&#038;ssl=1\" alt=\"\" class=\"wp-image-122642\" title=\"\" srcset=\"https:\/\/www.claret.org\/wp-content\/uploads\/2022\/05\/EN-20220513-CUN-opening-10.jpeg 2000w, https:\/\/www.claret.org\/wp-content\/uploads\/2022\/05\/EN-20220513-CUN-opening-10-1280x847.jpeg 1280w, https:\/\/www.claret.org\/wp-content\/uploads\/2022\/05\/EN-20220513-CUN-opening-10-980x649.jpeg 980w, https:\/\/www.claret.org\/wp-content\/uploads\/2022\/05\/EN-20220513-CUN-opening-10-480x318.jpeg 480w\" sizes=\"(min-width: 0px) and (max-width: 480px) 480px, (min-width: 481px) and (max-width: 980px) 980px, (min-width: 981px) and (max-width: 1280px) 1280px, (min-width: 1281px) 2000px, 100vw\" \/><\/a><\/figure>\n\n\n<figure class=\"wp-block-image size-full\"><a href=\"https:\/\/i0.wp.com\/www.claret.org\/wp-content\/uploads\/2022\/05\/EN-20220513-CUN-opening-14.jpeg?ssl=1\"><img data-recalc-dims=\"1\" loading=\"lazy\" decoding=\"async\" width=\"1080\" height=\"715\" data-attachment-id=\"122648\" data-permalink=\"https:\/\/www.claret.org\/es\/desafiados-a-ser-animados-por-cristo\/en-20220513-cun-opening-14-2\/\" data-orig-file=\"https:\/\/i0.wp.com\/www.claret.org\/wp-content\/uploads\/2022\/05\/EN-20220513-CUN-opening-14.jpeg?fit=2000%2C1324&amp;ssl=1\" data-orig-size=\"2000,1324\" data-comments-opened=\"0\" data-image-meta=\"{&quot;aperture&quot;:&quot;0&quot;,&quot;credit&quot;:&quot;&quot;,&quot;camera&quot;:&quot;&quot;,&quot;caption&quot;:&quot;&quot;,&quot;created_timestamp&quot;:&quot;0&quot;,&quot;copyright&quot;:&quot;&quot;,&quot;focal_length&quot;:&quot;0&quot;,&quot;iso&quot;:&quot;0&quot;,&quot;shutter_speed&quot;:&quot;0&quot;,&quot;title&quot;:&quot;&quot;,&quot;orientation&quot;:&quot;0&quot;}\" data-image-title=\"EN-20220513 CUN opening (14)\" data-image-description=\"\" data-image-caption=\"\" data-large-file=\"https:\/\/i0.wp.com\/www.claret.org\/wp-content\/uploads\/2022\/05\/EN-20220513-CUN-opening-14.jpeg?fit=1024%2C678&amp;ssl=1\" data-id=\"122648\" src=\"https:\/\/i0.wp.com\/www.claret.org\/wp-content\/uploads\/2022\/05\/EN-20220513-CUN-opening-14.jpeg?resize=1080%2C715&#038;ssl=1\" alt=\"\" class=\"wp-image-122648\" title=\"\" srcset=\"https:\/\/www.claret.org\/wp-content\/uploads\/2022\/05\/EN-20220513-CUN-opening-14.jpeg 2000w, https:\/\/www.claret.org\/wp-content\/uploads\/2022\/05\/EN-20220513-CUN-opening-14-1280x847.jpeg 1280w, https:\/\/www.claret.org\/wp-content\/uploads\/2022\/05\/EN-20220513-CUN-opening-14-980x649.jpeg 980w, https:\/\/www.claret.org\/wp-content\/uploads\/2022\/05\/EN-20220513-CUN-opening-14-480x318.jpeg 480w\" sizes=\"(min-width: 0px) and (max-width: 480px) 480px, (min-width: 481px) and (max-width: 980px) 980px, (min-width: 981px) and (max-width: 1280px) 1280px, (min-width: 1281px) 2000px, 100vw\" \/><\/a><\/figure><\/figure>\n\n<p><\/p>\n\n<p>En su homil\u00eda, durante la celebraci\u00f3n eucar\u00edstica, el Reverendo Anthony J.V. Obinna record\u00f3 c\u00f3mo fue transformado por el Evangelio de Cristo que trajo la luz de la fe. Inst\u00f3 a los matriculados a \u00abdejar que la Palabra de Dios impregne sus seres para que puedan transformar sus familias, la sociedad y la naci\u00f3n\u00bb. En sus palabras, deber\u00edan estar \u00abanimados por Cristo, la animaci\u00f3n de Cristo\u00bb. Afirm\u00f3 que, <\/p>\n\n<blockquote class=\"wp-block-quote is-layout-flow wp-block-quote-is-layout-flow\"><p>\u00abla universidad atrae al un\u00edsono y realiza una s\u00edntesis de la diversidad de dones y talentos que hay en la persona humana y, desde el punto de vista del desarrollo intelectual, afectivo o psicol\u00f3gico, atrae todo a una sola instituci\u00f3n. De esta \u00fanica instituci\u00f3n fluye la sabidur\u00eda y prepara para servir a Dios y a la humanidad con un sentido de responsabilidad que se distingue en el car\u00e1cter y el aprendizaje\u00bb. <\/p><\/blockquote>\n\n<p>La Ceremonia de Matriculaci\u00f3n comenz\u00f3 inmediatamente despu\u00e9s de la Santa Misa. Un total de 75 alumnos de tres departamentos estudian actualmente en la CUN, procedentes de 11 estados de Nigeria. En palabras del Superior Provincial, el Reverendo P. Simeon Nwobi, CMF, \u00aben el futuro, la Universidad Claretiana ser\u00e1 un centro de interculturalidad donde se aprovechen los dones con un sello del ADN claretiano\u00bb. El Vicerrector, el Rev. P. Dr. Wence Madu, CMF afirm\u00f3 que \u00ablos desaf\u00edos generales de nuestro sistema educativo y los valores morales subyacentes se han convertido en una gran preocupaci\u00f3n para la naci\u00f3n. Los niveles de educaci\u00f3n, disciplina y moralidad han disminuido hasta un punto en el que se necesita un enfoque de \u00abcuidados intensivos\u00bb como \u00fanico camino para garantizar un futuro sostenible para la juventud nigeriana. Esto subraya la filosof\u00eda que subyace a la creaci\u00f3n de la CUN, acertadamente plasmada en el lema de la Universidad: \u00abAsegurar el futuro a trav\u00e9s de la educaci\u00f3n\u00bb. As\u00ed, la CUN planea conseguirlo mediante la excelencia acad\u00e9mica, la buena educaci\u00f3n moral y la innovaci\u00f3n f\u00edsica y creativa de los individuos\u00bb.<\/p>\n\n<p><\/p>\n\n<figure class=\"wp-block-gallery has-nested-images columns-default is-cropped wp-block-gallery-2 is-layout-flex wp-block-gallery-is-layout-flex\">\n<figure class=\"wp-block-image size-full\"><a href=\"https:\/\/i0.wp.com\/www.claret.org\/wp-content\/uploads\/2022\/05\/EN-20220513-CUN-opening-21.jpeg?ssl=1\"><img data-recalc-dims=\"1\" loading=\"lazy\" decoding=\"async\" width=\"1080\" height=\"1631\" data-attachment-id=\"122654\" data-permalink=\"https:\/\/www.claret.org\/es\/desafiados-a-ser-animados-por-cristo\/en-20220513-cun-opening-21-2\/\" data-orig-file=\"https:\/\/i0.wp.com\/www.claret.org\/wp-content\/uploads\/2022\/05\/EN-20220513-CUN-opening-21.jpeg?fit=1324%2C2000&amp;ssl=1\" data-orig-size=\"1324,2000\" data-comments-opened=\"0\" data-image-meta=\"{&quot;aperture&quot;:&quot;0&quot;,&quot;credit&quot;:&quot;&quot;,&quot;camera&quot;:&quot;&quot;,&quot;caption&quot;:&quot;&quot;,&quot;created_timestamp&quot;:&quot;0&quot;,&quot;copyright&quot;:&quot;&quot;,&quot;focal_length&quot;:&quot;0&quot;,&quot;iso&quot;:&quot;0&quot;,&quot;shutter_speed&quot;:&quot;0&quot;,&quot;title&quot;:&quot;&quot;,&quot;orientation&quot;:&quot;0&quot;}\" data-image-title=\"EN-20220513 CUN opening (21)\" data-image-description=\"\" data-image-caption=\"\" data-large-file=\"https:\/\/i0.wp.com\/www.claret.org\/wp-content\/uploads\/2022\/05\/EN-20220513-CUN-opening-21.jpeg?fit=678%2C1024&amp;ssl=1\" data-id=\"122654\" src=\"https:\/\/i0.wp.com\/www.claret.org\/wp-content\/uploads\/2022\/05\/EN-20220513-CUN-opening-21.jpeg?resize=1080%2C1631&#038;ssl=1\" alt=\"\" class=\"wp-image-122654\" title=\"\" srcset=\"https:\/\/www.claret.org\/wp-content\/uploads\/2022\/05\/EN-20220513-CUN-opening-21.jpeg 1324w, https:\/\/www.claret.org\/wp-content\/uploads\/2022\/05\/EN-20220513-CUN-opening-21-1280x1934.jpeg 1280w, https:\/\/www.claret.org\/wp-content\/uploads\/2022\/05\/EN-20220513-CUN-opening-21-980x1480.jpeg 980w, https:\/\/www.claret.org\/wp-content\/uploads\/2022\/05\/EN-20220513-CUN-opening-21-480x725.jpeg 480w\" sizes=\"(min-width: 0px) and (max-width: 480px) 480px, (min-width: 481px) and (max-width: 980px) 980px, (min-width: 981px) and (max-width: 1280px) 1280px, (min-width: 1281px) 1324px, 100vw\" \/><\/a><\/figure>\n\n\n<figure class=\"wp-block-image size-full\"><a href=\"https:\/\/i0.wp.com\/www.claret.org\/wp-content\/uploads\/2022\/05\/EN-20220513-CUN-opening-23.jpeg?ssl=1\"><img data-recalc-dims=\"1\" loading=\"lazy\" decoding=\"async\" width=\"1080\" height=\"1080\" data-attachment-id=\"122660\" data-permalink=\"https:\/\/www.claret.org\/es\/desafiados-a-ser-animados-por-cristo\/en-20220513-cun-opening-23-2\/\" data-orig-file=\"https:\/\/i0.wp.com\/www.claret.org\/wp-content\/uploads\/2022\/05\/EN-20220513-CUN-opening-23.jpeg?fit=1080%2C1080&amp;ssl=1\" data-orig-size=\"1080,1080\" data-comments-opened=\"0\" data-image-meta=\"{&quot;aperture&quot;:&quot;0&quot;,&quot;credit&quot;:&quot;&quot;,&quot;camera&quot;:&quot;&quot;,&quot;caption&quot;:&quot;&quot;,&quot;created_timestamp&quot;:&quot;0&quot;,&quot;copyright&quot;:&quot;&quot;,&quot;focal_length&quot;:&quot;0&quot;,&quot;iso&quot;:&quot;0&quot;,&quot;shutter_speed&quot;:&quot;0&quot;,&quot;title&quot;:&quot;&quot;,&quot;orientation&quot;:&quot;0&quot;}\" data-image-title=\"EN-20220513 CUN opening (23)\" data-image-description=\"\" data-image-caption=\"\" data-large-file=\"https:\/\/i0.wp.com\/www.claret.org\/wp-content\/uploads\/2022\/05\/EN-20220513-CUN-opening-23.jpeg?fit=1024%2C1024&amp;ssl=1\" data-id=\"122660\" src=\"https:\/\/i0.wp.com\/www.claret.org\/wp-content\/uploads\/2022\/05\/EN-20220513-CUN-opening-23.jpeg?resize=1080%2C1080&#038;ssl=1\" alt=\"\" class=\"wp-image-122660\" title=\"\" srcset=\"https:\/\/www.claret.org\/wp-content\/uploads\/2022\/05\/EN-20220513-CUN-opening-23.jpeg 1080w, https:\/\/www.claret.org\/wp-content\/uploads\/2022\/05\/EN-20220513-CUN-opening-23-980x980.jpeg 980w, https:\/\/www.claret.org\/wp-content\/uploads\/2022\/05\/EN-20220513-CUN-opening-23-480x480.jpeg 480w\" sizes=\"(min-width: 0px) and (max-width: 480px) 480px, (min-width: 481px) and (max-width: 980px) 980px, (min-width: 981px) 1080px, 100vw\" \/><\/a><\/figure>\n\n\n<figure class=\"wp-block-image size-full\"><a href=\"https:\/\/i0.wp.com\/www.claret.org\/wp-content\/uploads\/2022\/05\/EN-20220513-CUN-opening-7.jpeg?ssl=1\"><img data-recalc-dims=\"1\" loading=\"lazy\" decoding=\"async\" width=\"1080\" height=\"1631\" data-attachment-id=\"122666\" data-permalink=\"https:\/\/www.claret.org\/es\/desafiados-a-ser-animados-por-cristo\/en-20220513-cun-opening-7-2\/\" data-orig-file=\"https:\/\/i0.wp.com\/www.claret.org\/wp-content\/uploads\/2022\/05\/EN-20220513-CUN-opening-7.jpeg?fit=1324%2C2000&amp;ssl=1\" data-orig-size=\"1324,2000\" data-comments-opened=\"0\" data-image-meta=\"{&quot;aperture&quot;:&quot;0&quot;,&quot;credit&quot;:&quot;&quot;,&quot;camera&quot;:&quot;&quot;,&quot;caption&quot;:&quot;&quot;,&quot;created_timestamp&quot;:&quot;0&quot;,&quot;copyright&quot;:&quot;&quot;,&quot;focal_length&quot;:&quot;0&quot;,&quot;iso&quot;:&quot;0&quot;,&quot;shutter_speed&quot;:&quot;0&quot;,&quot;title&quot;:&quot;&quot;,&quot;orientation&quot;:&quot;0&quot;}\" data-image-title=\"EN-20220513 CUN opening (7)\" data-image-description=\"\" data-image-caption=\"\" data-large-file=\"https:\/\/i0.wp.com\/www.claret.org\/wp-content\/uploads\/2022\/05\/EN-20220513-CUN-opening-7.jpeg?fit=678%2C1024&amp;ssl=1\" data-id=\"122666\" src=\"https:\/\/i0.wp.com\/www.claret.org\/wp-content\/uploads\/2022\/05\/EN-20220513-CUN-opening-7.jpeg?resize=1080%2C1631&#038;ssl=1\" alt=\"\" class=\"wp-image-122666\" title=\"\" srcset=\"https:\/\/www.claret.org\/wp-content\/uploads\/2022\/05\/EN-20220513-CUN-opening-7.jpeg 1324w, https:\/\/www.claret.org\/wp-content\/uploads\/2022\/05\/EN-20220513-CUN-opening-7-1280x1934.jpeg 1280w, https:\/\/www.claret.org\/wp-content\/uploads\/2022\/05\/EN-20220513-CUN-opening-7-980x1480.jpeg 980w, https:\/\/www.claret.org\/wp-content\/uploads\/2022\/05\/EN-20220513-CUN-opening-7-480x725.jpeg 480w\" sizes=\"(min-width: 0px) and (max-width: 480px) 480px, (min-width: 481px) and (max-width: 980px) 980px, (min-width: 981px) and (max-width: 1280px) 1280px, (min-width: 1281px) 1324px, 100vw\" \/><\/a><\/figure>\n\n\n<figure class=\"wp-block-image size-full\"><a href=\"https:\/\/i0.wp.com\/www.claret.org\/wp-content\/uploads\/2022\/05\/EN-20220513-CUN-opening-17.jpeg?ssl=1\"><img data-recalc-dims=\"1\" loading=\"lazy\" decoding=\"async\" width=\"1080\" height=\"715\" data-attachment-id=\"122672\" data-permalink=\"https:\/\/www.claret.org\/es\/desafiados-a-ser-animados-por-cristo\/en-20220513-cun-opening-17-2\/\" data-orig-file=\"https:\/\/i0.wp.com\/www.claret.org\/wp-content\/uploads\/2022\/05\/EN-20220513-CUN-opening-17.jpeg?fit=2000%2C1324&amp;ssl=1\" data-orig-size=\"2000,1324\" data-comments-opened=\"0\" data-image-meta=\"{&quot;aperture&quot;:&quot;0&quot;,&quot;credit&quot;:&quot;&quot;,&quot;camera&quot;:&quot;&quot;,&quot;caption&quot;:&quot;&quot;,&quot;created_timestamp&quot;:&quot;0&quot;,&quot;copyright&quot;:&quot;&quot;,&quot;focal_length&quot;:&quot;0&quot;,&quot;iso&quot;:&quot;0&quot;,&quot;shutter_speed&quot;:&quot;0&quot;,&quot;title&quot;:&quot;&quot;,&quot;orientation&quot;:&quot;1&quot;}\" data-image-title=\"EN-20220513 CUN opening (17)\" data-image-description=\"\" data-image-caption=\"\" data-large-file=\"https:\/\/i0.wp.com\/www.claret.org\/wp-content\/uploads\/2022\/05\/EN-20220513-CUN-opening-17.jpeg?fit=1024%2C678&amp;ssl=1\" data-id=\"122672\" src=\"https:\/\/i0.wp.com\/www.claret.org\/wp-content\/uploads\/2022\/05\/EN-20220513-CUN-opening-17.jpeg?resize=1080%2C715&#038;ssl=1\" alt=\"\" class=\"wp-image-122672\" title=\"\" srcset=\"https:\/\/www.claret.org\/wp-content\/uploads\/2022\/05\/EN-20220513-CUN-opening-17.jpeg 2000w, https:\/\/www.claret.org\/wp-content\/uploads\/2022\/05\/EN-20220513-CUN-opening-17-1280x847.jpeg 1280w, https:\/\/www.claret.org\/wp-content\/uploads\/2022\/05\/EN-20220513-CUN-opening-17-980x649.jpeg 980w, https:\/\/www.claret.org\/wp-content\/uploads\/2022\/05\/EN-20220513-CUN-opening-17-480x318.jpeg 480w\" sizes=\"(min-width: 0px) and (max-width: 480px) 480px, (min-width: 481px) and (max-width: 980px) 980px, (min-width: 981px) and (max-width: 1280px) 1280px, (min-width: 1281px) 2000px, 100vw\" \/><\/a><\/figure><\/figure>\n\n<p><\/p>\n\n<p>Consciente de que el coste de adquirir una educaci\u00f3n terciaria puede no ser asequible para las personas indigentes y los pobres, incluso en las instituciones p\u00fablicas, la Universidad Claretiana est\u00e1 decidida a marcar la diferencia instituyendo un fondo de dotaci\u00f3n para orientar el desarrollo del capital humano y reducir la carga financiera de una instituci\u00f3n terciaria para los artesanos que lo merecen y las personas excepcionalmente dotadas. Actualmente, la CUN tiene las cuotas m\u00e1s bajas del pa\u00eds, incluido el alojamiento. Por lo tanto, el Vicerrector hizo un llamamiento a las personas y entidades corporativas bienintencionadas para que apoyen y recauden fondos para la nueva universidad en su b\u00fasqueda de la excelencia.<\/p>\n\n<p>La Universidad Claretiana de Nigeria est\u00e1 admitiendo actualmente estudiantes para los siguientes cursos: econom\u00eda, filosof\u00eda, contabilidad, estudios de criminolog\u00eda y seguridad, inform\u00e1tica, ciberseguridad e ingenier\u00eda de software. Para m\u00e1s informaci\u00f3n, visita el sitio web de la universidad &#8211; <a href=\"http:\/\/www.claretianuniversity.edu.ng\" target=\"_blank\" rel=\"noreferrer noopener nofollow\">www.claretianuniversity.edu.ng<\/a><\/p>\n","protected":false},"excerpt":{"rendered":"<p>Nekede, Nigeria. \u00abSed animados por Cristo\u00bb, fueron las palabras del Canciller y Administrador Apost\u00f3lico de la Archidi\u00f3cesis Cat\u00f3lica de Owerri, el Reverendo Anthony J.V. Obinna, a los matriculados de la Universidad Claretiana de Nigeria (CUN) durante la primera Ceremonia de Matriculaci\u00f3n el 13 de mayo de 2022, en el campus universitario de Maryland Nekede Owerri, [&hellip;]<\/p>\n","protected":false},"author":2,"featured_media":122678,"comment_status":"closed","ping_status":"closed","sticky":false,"template":"","format":"standard","meta":{"_et_pb_use_builder":"","_et_pb_old_content":"","_et_gb_content_width":"","footnotes":""},"categories":[142,422],"tags":[],"class_list":["post-122867","post","type-post","status-publish","format-standard","has-post-thumbnail","hentry","category-east-nigeria-es","category-pastoral-educativa"],"jetpack_featured_media_url":"https:\/\/i0.wp.com\/www.claret.org\/wp-content\/uploads\/2022\/05\/EN-20220513-CUN-opening-2-copy.webp?fit=2000%2C1324&ssl=1","jetpack_sharing_enabled":true,"jetpack_shortlink":"https:\/\/wp.me\/pdaBmi-vXJ","jetpack_likes_enabled":true,"_links":{"self":[{"href":"https:\/\/www.claret.org\/es\/wp-json\/wp\/v2\/posts\/122867","targetHints":{"allow":["GET"]}}],"collection":[{"href":"https:\/\/www.claret.org\/es\/wp-json\/wp\/v2\/posts"}],"about":[{"href":"https:\/\/www.claret.org\/es\/wp-json\/wp\/v2\/types\/post"}],"author":[{"embeddable":true,"href":"https:\/\/www.claret.org\/es\/wp-json\/wp\/v2\/users\/2"}],"replies":[{"embeddable":true,"href":"https:\/\/www.claret.org\/es\/wp-json\/wp\/v2\/comments?post=122867"}],"version-history":[{"count":0,"href":"https:\/\/www.claret.org\/es\/wp-json\/wp\/v2\/posts\/122867\/revisions"}],"wp:featuredmedia":[{"embeddable":true,"href":"https:\/\/www.claret.org\/es\/wp-json\/wp\/v2\/media\/122678"}],"wp:attachment":[{"href":"https:\/\/www.claret.org\/es\/wp-json\/wp\/v2\/media?parent=122867"}],"wp:term":[{"taxonomy":"category","embeddable":true,"href":"https:\/\/www.claret.org\/es\/wp-json\/wp\/v2\/categories?post=122867"},{"taxonomy":"post_tag","embeddable":true,"href":"https:\/\/www.claret.org\/es\/wp-json\/wp\/v2\/tags?post=122867"}],"curies":[{"name":"wp","href":"https:\/\/api.w.org\/{rel}","templated":true}]}}